{"id":10226,"date":"2025-11-26T03:34:46","date_gmt":"2025-11-26T03:34:46","guid":{"rendered":"https:\/\/www.elementvape.de\/?p=10226"},"modified":"2025-11-26T05:33:37","modified_gmt":"2025-11-26T05:33:37","slug":"ansichten-der-eu-laender-zu-e-zigaretten","status":"publish","type":"post","link":"https:\/\/www.elementvape.de\/sk\/ansichten-der-eu-laender-zu-e-zigaretten\/","title":{"rendered":"N\u00e1zory kraj\u00edn E\u00da na e-cigarety"},"content":{"rendered":"<div id=\"ez-toc-container\" class=\"ez-toc-v2_0_71 counter-hierarchy ez-toc-counter ez-toc-grey ez-toc-container-direction\">\n<div class=\"ez-toc-title-container\">\n<p class=\"ez-toc-title ez-toc-toggle\" style=\"cursor:pointer\">Obsah<\/p>\n<span class=\"ez-toc-title-toggle\"><a href=\"#\" class=\"ez-toc-pull-right ez-toc-btn ez-toc-btn-xs ez-toc-btn-default ez-toc-toggle\" aria-label=\"Prepn\u00fa\u0165 obsah\"><span class=\"ez-toc-js-icon-con\"><span class=\"\"><span class=\"eztoc-hide\" style=\"display:none;\">Prepn\u00fa\u0165<\/span><span class=\"ez-toc-icon-toggle-span\"><svg style=\"fill: #999;color:#999\" xmlns=\"http:\/\/www.w3.org\/2000\/svg\" class=\"list-377408\" width=\"20px\" height=\"20px\" viewbox=\"0 0 24 24\" fill=\"none\"><path d=\"M6 6H4v2h2V6zm14 0H8v2h12V6zM4 11h2v2H4v-2zm16 0H8v2h12v-2zM4 16h2v2H4v-2zm16 0H8v2h12v-2z\" fill=\"currentColor\"><\/path><\/svg><svg style=\"fill: #999;color:#999\" class=\"arrow-unsorted-368013\" xmlns=\"http:\/\/www.w3.org\/2000\/svg\" width=\"10px\" height=\"10px\" viewbox=\"0 0 24 24\" version=\"1.2\" baseprofile=\"tiny\"><path d=\"M18.2 9.3l-6.2-6.3-6.2 6.3c-.2.2-.3.4-.3.7s.1.5.3.7c.2.2.4.3.7.3h11c.3 0 .5-.1.7-.3.2-.2.3-.5.3-.7s-.1-.5-.3-.7zM5.8 14.7l6.2 6.3 6.2-6.3c.2-.2.3-.5.3-.7s-.1-.5-.3-.7c-.2-.2-.4-.3-.7-.3h-11c-.3 0-.5.1-.7.3-.2.2-.3.5-.3.7s.1.5.3.7z\"\/><\/svg><\/span><\/span><\/span><\/a><\/span><\/div>\n<nav><ul class='ez-toc-list ez-toc-list-level-1' ><li class='ez-toc-page-1 ez-toc-heading-level-2'><a class=\"ez-toc-link ez-toc-heading-1\" href=\"https:\/\/www.elementvape.de\/sk\/ansichten-der-eu-laender-zu-e-zigaretten#Wie_die_EU-Politik_die_Zukunft_der_E-Zigarette_und_der_Raucherentwohnung_formt\" title=\"Ako eur\u00f3pska \u00fania formuje bud\u00facnos\u0165 elektronick\u00fdch cigariet a odvykania od faj\u010denia\">Ako eur\u00f3pska \u00fania formuje bud\u00facnos\u0165 elektronick\u00fdch cigariet a odvykania od faj\u010denia<\/a><ul class='ez-toc-list-level-3' ><li class='ez-toc-heading-level-3'><a class=\"ez-toc-link ez-toc-heading-2\" href=\"https:\/\/www.elementvape.de\/sk\/ansichten-der-eu-laender-zu-e-zigaretten#Einleitung_Ein_Kontinent_zwei_Philosophien\" title=\"\u00davod: Kontinent, dve filozofie\">\u00davod: Kontinent, dve filozofie<\/a><\/li><li class='ez-toc-page-1 ez-toc-heading-level-3'><a class=\"ez-toc-link ez-toc-heading-3\" href=\"https:\/\/www.elementvape.de\/sk\/ansichten-der-eu-laender-zu-e-zigaretten#1_Der_wissenschaftliche_Konsens_E-Zigaretten_als_Instrument_zur_Raucherentwohnung\" title=\"1. Vedeck\u00fd konsenzus: Elektronick\u00e9 cigarety ako n\u00e1stroj na odvykanie od faj\u010denia\">1. Vedeck\u00fd konsenzus: Elektronick\u00e9 cigarety ako n\u00e1stroj na odvykanie od faj\u010denia<\/a><ul class='ez-toc-list-level-4' ><li class='ez-toc-heading-level-4'><a class=\"ez-toc-link ez-toc-heading-4\" href=\"https:\/\/www.elementvape.de\/sk\/ansichten-der-eu-laender-zu-e-zigaretten#Evidenz_aus_dem_%E2%80%9CGoldstandard%E2%80%9D_Cochrane_Reviews\" title=\"D\u00f4kazy z \u201ezlat\u00e9ho \u0161tandardu\u201c (Cochrane Reviews)\">D\u00f4kazy z \\<\/a><\/li><li class='ez-toc-page-1 ez-toc-heading-level-4'><a class=\"ez-toc-link ez-toc-heading-5\" href=\"https:\/\/www.elementvape.de\/sk\/ansichten-der-eu-laender-zu-e-zigaretten#Das_britische_Modell_als_Vorreiter\" title=\"Britsk\u00fd model ako priekopn\u00edk\">Britsk\u00fd model ako priekopn\u00edk<\/a><\/li><\/ul><\/li><li class='ez-toc-page-1 ez-toc-heading-level-3'><a class=\"ez-toc-link ez-toc-heading-6\" href=\"https:\/\/www.elementvape.de\/sk\/ansichten-der-eu-laender-zu-e-zigaretten#2_Die_rechtliche_Basis_Die_Tabakproduktrichtlinie_TPD2\" title=\"ako faj\u010denie tabaku. V Spojenom kr\u00e1\u013eovstve sa elektronick\u00e9 cigarety akt\u00edvne propaguj\u00fa v kampaniach (napr\u00edklad \\\">ako faj\u010denie tabaku. V Spojenom kr\u00e1\u013eovstve sa elektronick\u00e9 cigarety akt\u00edvne propaguj\u00fa v kampaniach (napr\u00edklad \\<\/a><ul class='ez-toc-list-level-4' ><li class='ez-toc-heading-level-4'><a class=\"ez-toc-link ez-toc-heading-7\" href=\"https:\/\/www.elementvape.de\/sk\/ansichten-der-eu-laender-zu-e-zigaretten#Was_die_TPD2_regelt\" title=\"\u010co upravuje TPD2\">\u010co upravuje TPD2<\/a><\/li><\/ul><\/li><li class='ez-toc-page-1 ez-toc-heading-level-3'><a class=\"ez-toc-link ez-toc-heading-8\" href=\"https:\/\/www.elementvape.de\/sk\/ansichten-der-eu-laender-zu-e-zigaretten#3_Der_europaische_Flickenteppich_Landervergleich\" title=\"3. Eur\u00f3pska mozaika: Porovnanie kraj\u00edn\">3. Eur\u00f3pska mozaika: Porovnanie kraj\u00edn<\/a><ul class='ez-toc-list-level-4' ><li class='ez-toc-heading-level-4'><a class=\"ez-toc-link ez-toc-heading-9\" href=\"https:\/\/www.elementvape.de\/sk\/ansichten-der-eu-laender-zu-e-zigaretten#Deutschland_Der_vorsichtige_Riese\" title=\"Nemecko: Opatrn\u00fd obor\">Nemecko: Opatrn\u00fd obor<\/a><\/li><li class='ez-toc-page-1 ez-toc-heading-level-4'><a class=\"ez-toc-link ez-toc-heading-10\" href=\"https:\/\/www.elementvape.de\/sk\/ansichten-der-eu-laender-zu-e-zigaretten#Frankreich_Fokus_auf_Gesundheit_und_Umwelt\" title=\"Franc\u00fazsko: Zameranie na zdravie a \u017eivotn\u00e9 prostredie\">Franc\u00fazsko: Zameranie na zdravie a \u017eivotn\u00e9 prostredie<\/a><\/li><li class='ez-toc-page-1 ez-toc-heading-level-4'><a class=\"ez-toc-link ez-toc-heading-11\" href=\"https:\/\/www.elementvape.de\/sk\/ansichten-der-eu-laender-zu-e-zigaretten#Niederlande_und_Danemark_Die_Restriktiven\" title=\"Holandsko a D\u00e1nsko: Pr\u00edsne opatrenia\">Holandsko a D\u00e1nsko: Pr\u00edsne opatrenia<\/a><\/li><\/ul><\/li><li class='ez-toc-page-1 ez-toc-heading-level-3'><a class=\"ez-toc-link ez-toc-heading-12\" href=\"https:\/\/www.elementvape.de\/sk\/ansichten-der-eu-laender-zu-e-zigaretten#4_Die_grose_Kontroverse_Jugendschutz_und_der_%E2%80%9CGateway-Effekt%E2%80%9D\" title=\"4. Ve\u013ek\u00e1 kontroverzia: ochrana ml\u00e1de\u017ee a \u201ebr\u00e1nkov\u00fd efekt\u201c\">4. Ve\u013ek\u00e1 kontroverzia: Ochrana ml\u00e1de\u017ee a \u201ebr\u00e1na\u201c efekt<\/a><ul class='ez-toc-list-level-4' ><li class='ez-toc-heading-level-4'><a class=\"ez-toc-link ez-toc-heading-13\" href=\"https:\/\/www.elementvape.de\/sk\/ansichten-der-eu-laender-zu-e-zigaretten#Die_Gateway-Theorie\" title=\"Te\u00f3ria br\u00e1ny\">Te\u00f3ria br\u00e1ny<\/a><\/li><li class='ez-toc-page-1 ez-toc-heading-level-4'><a class=\"ez-toc-link ez-toc-heading-14\" href=\"https:\/\/www.elementvape.de\/sk\/ansichten-der-eu-laender-zu-e-zigaretten#Das_Problem_der_%E2%80%9CDisposables%E2%80%9D\" title=\"Probl\u00e9m s \u201edisposable\u201c v\u00fdrobkami\">Probl\u00e9m \u201ejednorazoviek\u201c<\/a><\/li><\/ul><\/li><li class='ez-toc-page-1 ez-toc-heading-level-3'><a class=\"ez-toc-link ez-toc-heading-15\" href=\"https:\/\/www.elementvape.de\/sk\/ansichten-der-eu-laender-zu-e-zigaretten#5_Sicherheit_und_Qualitat_Warum_EU-Produkte_sicher_sind\" title=\"5. Bezpe\u010dnos\u0165 a kvalita: Pre\u010do s\u00fa v\u00fdrobky E\u00da bezpe\u010dn\u00e9\">5. Bezpe\u010dnos\u0165 a kvalita: Pre\u010do s\u00fa v\u00fdrobky E\u00da bezpe\u010dn\u00e9<\/a><\/li><li class='ez-toc-page-1 ez-toc-heading-level-3'><a class=\"ez-toc-link ez-toc-heading-16\" href=\"https:\/\/www.elementvape.de\/sk\/ansichten-der-eu-laender-zu-e-zigaretten#6_Blick_in_die_Zukunft_Was_bringt_die_TPD3\" title=\"6. Poh\u013ead do bud\u00facnosti: \u010co prinesie TPD3?\">6. Poh\u013ead do bud\u00facnosti: \u010co prinesie TPD3?<\/a><\/li><li class='ez-toc-page-1 ez-toc-heading-level-3'><a class=\"ez-toc-link ez-toc-heading-17\" href=\"https:\/\/www.elementvape.de\/sk\/ansichten-der-eu-laender-zu-e-zigaretten#Eine_Technologie_im_Spannungsfeld\" title=\"Technol\u00f3gia v nap\u00e4t\u00ed\">Technol\u00f3gia v nap\u00e4t\u00ed<\/a><\/li><li class='ez-toc-page-1 ez-toc-heading-level-3'><a class=\"ez-toc-link ez-toc-heading-18\" href=\"https:\/\/www.elementvape.de\/sk\/ansichten-der-eu-laender-zu-e-zigaretten#FAQ_Haufige_Fragen_zur_E-Zigaretten-Regulierung_in_der_EU\" title=\"\u010casto kladen\u00e9 ot\u00e1zky: \u010casto kladen\u00e9 ot\u00e1zky o regul\u00e1cii elektronick\u00fdch cigariet v E\u00da\">\u010casto kladen\u00e9 ot\u00e1zky: \u010casto kladen\u00e9 ot\u00e1zky o regul\u00e1cii elektronick\u00fdch cigariet v E\u00da<\/a><\/li><\/ul><\/li><\/ul><\/nav><\/div>\n<h2 class=\"wp-block-heading\"><span class=\"ez-toc-section\" id=\"Wie_die_EU-Politik_die_Zukunft_der_E-Zigarette_und_der_Raucherentwohnung_formt\"><\/span><strong>Ako eur\u00f3pska \u00fania formuje bud\u00facnos\u0165 elektronick\u00fdch cigariet a odvykania od faj\u010denia<\/strong><span class=\"ez-toc-section-end\"><\/span><\/h2>\n\n\n\n<h3 class=\"wp-block-heading\"><span class=\"ez-toc-section\" id=\"Einleitung_Ein_Kontinent_zwei_Philosophien\"><\/span><strong>\u00davod: Kontinent, dve filozofie<\/strong><span class=\"ez-toc-section-end\"><\/span><\/h3>\n\n\n\n<p>V Bruseli, Berl\u00edne, Par\u00ed\u017ei a Var\u0161ave sa moment\u00e1lne rozhoduje o bud\u00facnosti mili\u00f3nov faj\u010diarov. Elektronick\u00e1 cigareta za posledn\u00fdch desa\u0165 rokov revolucionalizovala trh s tabakom a vyvolala debatu, ktor\u00e1 je tak\u00e1 v\u00e1\u0161niv\u00e1 ako \u017eiadna in\u00e1 v zdravotn\u00edctve. K\u00fdm technol\u00f3gia \u010dasto predstavuje jasn\u00fa alternat\u00edvu k tabaku pre pou\u017e\u00edvate\u013eov, politick\u00fd ohlas v Eur\u00f3pe je rozdelen\u00fd.<\/p>\n\n\n\n<p>Na jednej strane stoja krajiny a vedci, ktor\u00ed v elektronickej cigarete vidia najv\u00e4\u010d\u0161iu \u0161ancu na <strong>Minimaliz\u00e1cia \u0161k\u00f4d (Zni\u017eovanie \u0161k\u00f4d)<\/strong> desa\u0165ro\u010dia. Pova\u017euj\u00fa vapovanie za pragmatick\u00fa cestu z tabakovej epid\u00e9mie. Na druhej strane varuj\u00fa kritici a niektor\u00e9 vl\u00e1dy pred potenci\u00e1lnymi dlhodob\u00fdmi rizikami a mo\u017en\u00fdm \\<\/p>\n\n\n\n<p>Tento \u010dl\u00e1nok pon\u00faka hlbok\u00fd, d\u00f4kazmi podlo\u017een\u00fd poh\u013ead na aktu\u00e1lny regula\u010dn\u00fd \\<\/p>\n\n\n\n<hr class=\"wp-block-separator has-alpha-channel-opacity\"\/>\n\n\n\n<h3 class=\"wp-block-heading\"><span class=\"ez-toc-section\" id=\"1_Der_wissenschaftliche_Konsens_E-Zigaretten_als_Instrument_zur_Raucherentwohnung\"><\/span><strong>1. Vedeck\u00fd konsenzus: Elektronick\u00e9 cigarety ako n\u00e1stroj na odvykanie od faj\u010denia<\/strong><span class=\"ez-toc-section-end\"><\/span><\/h3>\n\n\n\n<p>Na pochopenie politickej debaty je nevyhnutn\u00fd poh\u013ead na vedeck\u00e9 z\u00e1klady. Ot\u00e1zka, \u010di s\u00fa elektronick\u00e9 cigarety \u00fa\u010dinn\u00fdm prostriedkom na zastavenie faj\u010denia, je intenz\u00edvne sk\u00faman\u00e1 vo v\u00fdskume.<\/p>\n\n\n\n<h4 class=\"wp-block-heading\"><span class=\"ez-toc-section\" id=\"Evidenz_aus_dem_%E2%80%9CGoldstandard%E2%80%9D_Cochrane_Reviews\"><\/span><strong>D\u00f4kazy z \\<\/strong><span class=\"ez-toc-section-end\"><\/span><\/h4>\n\n\n\n<p>Debata je v m\u00e9di\u00e1ch \u010dasto veden\u00e1 emocion\u00e1lne, no klinick\u00e9 \u00fadaje hovoria jasnej\u0161\u00edm jazykom. Nez\u00e1visl\u00e1 <strong>Spolupr\u00e1ca Cochrane<\/strong>, ktor\u00e1 je celosvetovo pova\u017eovan\u00e1 za najvy\u0161\u0161iu autoritu v oblasti d\u00f4kazmi podlo\u017eenej medic\u00edny, pravidelne zverej\u0148uje preh\u013eady na t\u00fato t\u00e9mu. V najnov\u0161\u00edch anal\u00fdzach vedci dospeli k z\u00e1veru, \u017ee existuje \\<\/p>\n\n\n\n<h4 class=\"wp-block-heading\"><span class=\"ez-toc-section\" id=\"Das_britische_Modell_als_Vorreiter\"><\/span><strong>Britsk\u00fd model ako priekopn\u00edk<\/strong><span class=\"ez-toc-section-end\"><\/span><\/h4>\n\n\n\n<p>Hoci Spojen\u00e9 kr\u00e1\u013eovstvo opustilo E\u00da, jeho vplyv na eur\u00f3psku zdravotn\u00fa politiku zost\u00e1va obrovsk\u00fd. Britsk\u00e1 vl\u00e1da u\u017e roky d\u00f4sledne sleduje strat\u00e9giu \\ <em>Verejn\u00e9 zdravotn\u00edctvo Anglicka<\/em> (dnes s\u00fa\u010das\u0165 UKHSA) trv\u00e1 na tvrden\u00ed, \u017ee vapovanie je <strong>minim\u00e1lne o 95 %<\/strong> menej \u0161kodliv\u00e9<\/p>\n\n\n\n<hr class=\"wp-block-separator has-alpha-channel-opacity\"\/>\n\n\n\n<h3 class=\"wp-block-heading\"><span class=\"ez-toc-section\" id=\"2_Die_rechtliche_Basis_Die_Tabakproduktrichtlinie_TPD2\"><\/span><strong>ako faj\u010denie tabaku. V Spojenom kr\u00e1\u013eovstve sa elektronick\u00e9 cigarety akt\u00edvne propaguj\u00fa v kampaniach (napr\u00edklad \\<\/strong><span class=\"ez-toc-section-end\"><\/span><\/h3>\n\n\n\n<p>2. Pr\u00e1vny z\u00e1klad: Nariadenie o tabakovom tovare (TPD2) <strong>V r\u00e1mci Eur\u00f3pskej \u00fanie s\u00edce existuj\u00fa n\u00e1rodn\u00e9 rozdiely, ale spolo\u010dn\u00fd z\u00e1klad regul\u00e1cie tvor\u00ed<\/strong>T\u00e1to smernica, ktor\u00e1 nadobudla pln\u00fa platnos\u0165 v rokoch 2016\/2017, profesionalizovala trh a zv\u00fd\u0161ila jeho bezpe\u010dnos\u0165.<\/p>\n\n\n\n<h4 class=\"wp-block-heading\"><span class=\"ez-toc-section\" id=\"Was_die_TPD2_regelt\"><\/span><strong>\u010co upravuje TPD2<\/strong><span class=\"ez-toc-section-end\"><\/span><\/h4>\n\n\n\n<p>V\u0161etky \u010dlensk\u00e9 \u0161t\u00e1ty E\u00da musia dodr\u017eiava\u0165 ur\u010dit\u00e9 minim\u00e1lne \u0161tandardy, ktor\u00e9 maj\u00fa zabezpe\u010di\u0165 ochranu spotrebite\u013ea:<\/p>\n\n\n\n<ul>\n<li><strong>Hranica nikot\u00ednu:<\/strong> Maxim\u00e1lna koncentr\u00e1cia nikot\u00ednu je stanoven\u00e1 na <strong>20 mg\/ml<\/strong> stanoven\u00e1. T\u00fdm sa zabr\u00e1ni predaju extr\u00e9mne vysoko d\u00e1vkovan\u00fdch liquidov, ak\u00e9 sa niekedy nach\u00e1dzaj\u00fa na in\u00fdch trhoch.<\/li>\n\n\n\n<li><strong>Ve\u013ekos\u0165 f\u013ea\u0161e:<\/strong> Kvapaliny obsahuj\u00face nikot\u00edn sa sm\u00fa pred\u00e1va\u0165 len v n\u00e1dob\u00e1ch s maxim\u00e1lnym objemom <strong>10 ml<\/strong> sa sm\u00fa pred\u00e1va\u0165. To m\u00e1 minimalizova\u0165 riziko otravy prehltnut\u00edm (najm\u00e4 u det\u00ed).<\/li>\n\n\n\n<li><strong>Pr\u00edbalov\u00fd let\u00e1k a varovn\u00e9 upozornenia:<\/strong> Ka\u017ed\u00fd produkt mus\u00ed obsahova\u0165 varovn\u00e9 upozornenia a inform\u00e1cie o zlo\u017ek\u00e1ch.<\/li>\n\n\n\n<li><strong>6-mesa\u010dn\u00e1 lehota na odklad:<\/strong> V\u00fdrobcovia musia nov\u00e9 produkty nahl\u00e1si\u0165 \u00faradom \u0161es\u0165 mesiacov pred uveden\u00edm na trh a predlo\u017ei\u0165 toxikologick\u00e9 \u00fadaje.<\/li>\n<\/ul>\n\n\n\n<p>T\u00e1to regul\u00e1cia zabezpe\u010duje, \u017ee elektronick\u00e9 cigarety patria v E\u00da k najlep\u0161ie kontrolovan\u00fdm spotrebn\u00fdm tovarom. \u010clensk\u00e9 \u0161t\u00e1ty v\u0161ak vyu\u017e\u00edvaj\u00fa svoj priestor na man\u00e9vrovanie ve\u013emi odli\u0161ne.<\/p>\n\n\n\n<hr class=\"wp-block-separator has-alpha-channel-opacity\"\/>\n\n\n\n<h3 class=\"wp-block-heading\"><span class=\"ez-toc-section\" id=\"3_Der_europaische_Flickenteppich_Landervergleich\"><\/span><strong>3. Eur\u00f3pska mozaika: Porovnanie kraj\u00edn<\/strong><span class=\"ez-toc-section-end\"><\/span><\/h3>\n\n\n\n<p>Okrem TPD2 sa za\u010d\u00ednaj\u00fa n\u00e1rodn\u00e9 samostatn\u00e9 akcie. Postoj k e-cigaret\u00e1m \u010dasto koreluje s t\u00fdm, ako silno sa krajina riadi princ\u00edpom \u201eminimaliz\u00e1cie \u0161k\u00f4d\u201c alebo \u010di sleduje pr\u00edsnu mentalitu \u201ePresta\u0148 alebo zomri\u201c.<\/p>\n\n\n\n<h4 class=\"wp-block-heading\"><span class=\"ez-toc-section\" id=\"Deutschland_Der_vorsichtige_Riese\"><\/span><strong>Nemecko: Opatrn\u00fd obor<\/strong><span class=\"ez-toc-section-end\"><\/span><\/h4>\n\n\n\n<p>Nemecko zauj\u00edma stredn\u00fa poz\u00edciu. Z\u00e1kon o <em>tabakov\u00fdch v\u00fdrobkoch<\/em> transponuje po\u017eiadavky E\u00da. In\u0161tit\u00facie ako napr. <strong>Nemeck\u00fd spolkov\u00fd in\u0161tit\u00fat pre hodnotenie riz\u00edk (BfR)<\/strong> vedecky uzn\u00e1va, \u017ee e-cigaretky obsahuj\u00fa v\u00fdrazne menej \u0161kodliv\u00edn ako tabakov\u00e9 cigarety. Av\u0161ak nemeck\u00e1 politika v posledn\u00fdch rokoch spr\u00edsnila opatrenia:<\/p>\n\n\n\n<ul>\n<li><strong>Z\u00e1kazy reklamy:<\/strong> Vonkaj\u0161ia reklama na e-cigaretky je vo ve\u013ekej miere zak\u00e1zan\u00e1.<\/li>\n\n\n\n<li><strong>Zdanenie:<\/strong> S zaveden\u00edm dane z tekut\u00edn (TabStMoG) sa faj\u010denie vapingu stalo cite\u013ene drah\u0161\u00edm. Kritici to vn\u00edmaj\u00fa ako riziko, preto\u017ee finan\u010dn\u00fd stimul pre faj\u010diarov na prechod na menej \u0161kodliv\u00fa alternat\u00edvu sa oslabuje. Napriek tomu je ponuka produktov (vr\u00e1tane pr\u00edchut\u00ed) v Slovensku rozmanit\u00e1 a leg\u00e1lne dostupn\u00e1.<\/li>\n<\/ul>\n\n\n\n<h4 class=\"wp-block-heading\"><span class=\"ez-toc-section\" id=\"Frankreich_Fokus_auf_Gesundheit_und_Umwelt\"><\/span><strong>Franc\u00fazsko: Zameranie na zdravie a \u017eivotn\u00e9 prostredie<\/strong><span class=\"ez-toc-section-end\"><\/span><\/h4>\n\n\n\n<p>Franc\u00fazsko m\u00e1 tradi\u010dne vysok\u00fa mieru faj\u010diarov a pova\u017euje e-cigaretky za n\u00e1stroj. <em>Vysok\u00e1 rada verejn\u00e9ho zdravia<\/em> svoju poz\u00edciu s\u00edce v posledn\u00fdch rokoch trochu spr\u00edsnil, neodpor\u00fa\u010da v\u0161ak lek\u00e1rom, aby neodpor\u00fa\u010dali e-cigaretky, ak zlyhaj\u00fa in\u00e9 met\u00f3dy. Moment\u00e1lne je v\u0161ak v Par\u00ed\u017ei ve\u013ek\u00fd d\u00f4raz kladen\u00fd na ochranu \u017eivotn\u00e9ho prostredia: Franc\u00fazsko pl\u00e1nuje pr\u00edsny z\u00e1kaz <strong>Jednorazov\u00fdch e-cigaretiek (Puffs)<\/strong>. To sa deje menej z d\u00f4vodov zdravotn\u00fdch, ale sk\u00f4r ekologick\u00fdch, aby sa zastavila plytvanie l\u00edtiov\u00fdmi bat\u00e9riami.<\/p>\n\n\n\n<h4 class=\"wp-block-heading\"><span class=\"ez-toc-section\" id=\"Niederlande_und_Danemark_Die_Restriktiven\"><\/span><strong>Holandsko a D\u00e1nsko: Pr\u00edsne opatrenia<\/strong><span class=\"ez-toc-section-end\"><\/span><\/h4>\n\n\n\n<p>Niektor\u00e9 severoeur\u00f3pske krajiny uplat\u0148uj\u00fa princ\u00edp opatrnosti extr\u00e9mne pr\u00edsne a takmer v\u00fdlu\u010dne sa zameriavaj\u00fa na ochranu ml\u00e1de\u017ee.<\/p>\n\n\n\n<ul>\n<li><strong>Z\u00e1kazy pr\u00edchut\u00ed:<\/strong> Holandsko a D\u00e1nsko zak\u00e1zali v\u0161etky pr\u00edchute okrem \u201etabakovej\u201c.<\/li>\n\n\n\n<li><strong>D\u00f4sledok:<\/strong> Predajcovia u\u017e nem\u00f4\u017eu pred\u00e1va\u0165 tekutiny s pr\u00edchu\u0165ou manga, jahody alebo m\u00e4ty.<\/li>\n\n\n\n<li><strong>Kritika:<\/strong> Zdru\u017eenia spotrebite\u013eov varuj\u00fa, \u017ee je to kontraprodukt\u00edvne. V\u00e4\u010d\u0161ina dospel\u00fdch, ktor\u00ed prech\u00e1dzaj\u00fa na vapovanie, vyu\u017e\u00edva ovocn\u00e9 pr\u00edchute na oddelenie od tabakov\u00e9ho chuti (\u201eDissociation\u201c). N\u00e1tlak na tabakov\u00fa pr\u00edchu\u0165 by mohol mnoho b\u00fdval\u00fdch faj\u010diarov vr\u00e1ti\u0165 k cigaret\u00e1m alebo podpori\u0165 \u010dierny trh.<\/li>\n<\/ul>\n\n\n\n<hr class=\"wp-block-separator has-alpha-channel-opacity\"\/>\n\n\n\n<h3 class=\"wp-block-heading\"><span class=\"ez-toc-section\" id=\"4_Die_grose_Kontroverse_Jugendschutz_und_der_%E2%80%9CGateway-Effekt%E2%80%9D\"><\/span><strong>4. Ve\u013ek\u00e1 kontroverzia: Ochrana ml\u00e1de\u017ee a \u201ebr\u00e1na\u201c efekt<\/strong><span class=\"ez-toc-section-end\"><\/span><\/h3>\n\n\n\n<p>\u017diadna t\u00e9ma nedominuje politick\u00fdm diskusi\u00e1m tak ve\u013emi ako ochrana malolet\u00fdch. Obava je pochopite\u013en\u00e1: Nikto nechce, aby sa mlad\u00ed \u013eudia stali z\u00e1visl\u00fdmi od nikot\u00ednu.<\/p>\n\n\n\n<h4 class=\"wp-block-heading\"><span class=\"ez-toc-section\" id=\"Die_Gateway-Theorie\"><\/span><strong>Te\u00f3ria br\u00e1ny<\/strong><span class=\"ez-toc-section-end\"><\/span><\/h4>\n\n\n\n<p>Kritici \u010dasto argumentuj\u00fa s \u201ete\u00f3riou br\u00e1ny\u201c: Kto ako mladistv\u00fd vapuje, siahne nesk\u00f4r po tabakovej cigarete. Vedeck\u00e9 \u00fadaje s\u00fa tu v\u0161ak diferencovan\u00e9. V\u00fdskumy sk\u00f4r nazna\u010duj\u00fa \u201ete\u00f3riu spolo\u010dnej zodpovednosti\u201c: Mladistv\u00ed, ktor\u00ed vapuj\u00fa a faj\u010dia, maj\u00fa \u010dasto v\u0161eobecn\u00fd sklon k rizikov\u00e9mu spr\u00e1vaniu. S vysokou pravdepodobnos\u0165ou by faj\u010dili aj bez existencie e-cigariet. D\u00f4le\u017eit\u00fd protiargument poskytuje \u0161tatistika: V krajin\u00e1ch s porovnate\u013ene vysok\u00fdmi mierami vapovania medzi mladistv\u00fdmi (ako Ve\u013ek\u00e1 Brit\u00e1nia alebo USA) s\u00fa kv\u00f3ty <em>faj\u010diacich<\/em> mladistv\u00fdch s\u00fa\u010dasne klesli na historick\u00e9 minim\u00e1. To sk\u00f4r nazna\u010duje, \u017ee e-cigarety vytl\u00e1\u010daj\u00fa faj\u010denie, namiesto toho, aby ho podporovali.<\/p>\n\n\n\n<h4 class=\"wp-block-heading\"><span class=\"ez-toc-section\" id=\"Das_Problem_der_%E2%80%9CDisposables%E2%80%9D\"><\/span><strong>Probl\u00e9m \u201ejednorazoviek\u201c<\/strong><span class=\"ez-toc-section-end\"><\/span><\/h4>\n\n\n\n<p>Skuto\u010dn\u00fdm nebezpe\u010denstvom pre imid\u017e odvetvia a ochranu mladistv\u00fdch s\u00fa farebn\u00e9 <strong>jednorazov\u00fdch e-cigaret\u00e1ch<\/strong>. S\u00fa lacn\u00e9, jednoduch\u00e9 na pou\u017e\u00edvanie (\u201etovar z trafiky\u201c) a ich farebn\u00fd dizajn oslovuje mlad\u00e9 cie\u013eov\u00e9 skupiny. To viedlo mnoh\u00e9 krajiny E\u00da k prijatiu pr\u00edsnej\u0161\u00edch opatren\u00ed. Samotn\u00e9 odvetvie \u010dasto po\u017eaduje pr\u00edsnej\u0161ie kontroly veku a z\u00e1kaz obalov vhodn\u00fdch pre deti, aby sa zachoval pr\u00edstup pre dospel\u00fdch, ale chr\u00e1nili sa mladistv\u00ed.<\/p>\n\n\n\n<hr class=\"wp-block-separator has-alpha-channel-opacity\"\/>\n\n\n\n<h3 class=\"wp-block-heading\"><span class=\"ez-toc-section\" id=\"5_Sicherheit_und_Qualitat_Warum_EU-Produkte_sicher_sind\"><\/span><strong>5. Bezpe\u010dnos\u0165 a kvalita: Pre\u010do s\u00fa v\u00fdrobky E\u00da bezpe\u010dn\u00e9<\/strong><span class=\"ez-toc-section-end\"><\/span><\/h3>\n\n\n\n<p>V m\u00e9di\u00e1ch sa ob\u010das objavuj\u00fa spr\u00e1vy o zdravotn\u00fdch probl\u00e9moch v s\u00favislosti s vapovan\u00edm (napr. \u201eEVALI\u201c epid\u00e9mia v USA v roku 2019). Tu je d\u00f4le\u017eit\u00e9 posudzova\u0165 situ\u00e1ciu v E\u00da diferencovane.<\/p>\n\n\n\n<p>Pr\u00edsne nariadenia E\u00da robia z eur\u00f3pskeho trhu jeden z najbezpe\u010dnej\u0161\u00edch na svete.<\/p>\n\n\n\n<ul>\n<li><strong>Zlo\u017eky:<\/strong> V E\u00da s\u00fa zlo\u017eky, ktor\u00e9 sa pova\u017euj\u00fa za karcinog\u00e9nne, mutag\u00e9nne alebo toxick\u00e9 pre reprodukciu (CMR l\u00e1tky), v liquidoch pr\u00edsne zak\u00e1zan\u00e9.<\/li>\n\n\n\n<li><strong>\u017diadne vitam\u00edny alebo kofe\u00edn:<\/strong> Pr\u00edsady, ktor\u00e9 by mohli nazna\u010dova\u0165 \u00fa\u010dinok podporuj\u00faci zdravie (ako vitam\u00edny) alebo maj\u00fa stimula\u010dn\u00fd \u00fa\u010dinok (ako kofe\u00edn\/taur\u00edn), s\u00fa tie\u017e zak\u00e1zan\u00e9.<\/li>\n\n\n\n<li><strong>Merania emisi\u00ed:<\/strong> Pred uveden\u00edm produktu na trh musia v\u00fdrobcovia predlo\u017ei\u0165 anal\u00fdzy, ktor\u00e9 ukazuj\u00fa, \u010do je obsiahnut\u00e9 v pare.<\/li>\n<\/ul>\n\n\n\n<p>\u0160kand\u00e1l v USA (\u201eEVALI\u201c) bol sp\u00f4soben\u00fd neleg\u00e1lnymi THC kartu\u0161ami z \u010dierneho trhu, ktor\u00e9 boli rieden\u00e9 acet\u00e1tom vitam\u00ednu E \u2013 l\u00e1tkou, ktor\u00e1 sa v leg\u00e1lnych EU-liquidoch nevyskytuje. Spotrebitelia v E\u00da sa m\u00f4\u017eu spo\u013eahn\u00fa\u0165, \u017ee leg\u00e1lne produkty v \u0161pecializovan\u00fdch predajniach podliehaj\u00fa vysok\u00fdm \u0161tandardom kvality.<\/p>\n\n\n\n<hr class=\"wp-block-separator has-alpha-channel-opacity\"\/>\n\n\n\n<h3 class=\"wp-block-heading\"><span class=\"ez-toc-section\" id=\"6_Blick_in_die_Zukunft_Was_bringt_die_TPD3\"><\/span><strong>6. Poh\u013ead do bud\u00facnosti: \u010co prinesie TPD3?<\/strong><span class=\"ez-toc-section-end\"><\/span><\/h3>\n\n\n\n<p>Regul\u00e1cia sa nezastav\u00ed. Eur\u00f3pska komisia u\u017e pracuje na hodnoten\u00ed s\u00fa\u010dasn\u00fdch smern\u00edc, \u010do sa v odvetv\u00ed pova\u017euje za <strong>TPD3<\/strong> sa ozna\u010duje. Rozhodnutia v nasleduj\u00facich rokoch bud\u00fa rozhoduj\u00face.<\/p>\n\n\n\n<p><strong>Mo\u017en\u00e9 scen\u00e1re:<\/strong><\/p>\n\n\n\n<ol start=\"1\">\n<li><strong>Obmedzenia ar\u00f3m na \u00farovni E\u00da:<\/strong> Existuje riziko, \u017ee holandsk\u00fd model bude roz\u0161\u00edren\u00fd na cel\u00fa E\u00da. To by znamenalo koniec rozmanitosti chut\u00ed. Zdru\u017eenia vapera (ako ETHRA) sa proti tomu mobilizuj\u00fa a poukazuj\u00fa na v\u00fdznam ar\u00f3m pre odvykanie od faj\u010denia.<\/li>\n\n\n\n<li><strong>Harmoniz\u00e1cia dan\u00ed:<\/strong> V s\u00fa\u010dasnosti m\u00e1 ka\u017ed\u00e1 krajina vlastn\u00e9 da\u0148ov\u00e9 sadzby. E\u00da pl\u00e1nuje zavies\u0165 minim\u00e1lnu da\u0148 na tekutiny, aby zabr\u00e1nila cenov\u00e9mu dumpingu a dosiahla stimuluj\u00faci efekt. To by mohlo zdra\u017ei\u0165 vapovanie v celej Eur\u00f3pe.<\/li>\n\n\n\n<li><strong>Obalov\u00fd dizajn:<\/strong> Jednotn\u00e9 obaly (Plain Packaging) bez zna\u010dkov\u00fdch logov s\u00fa tie\u017e v diskusii, aby sa e\u0161te viac zn\u00ed\u017eila atraktivita produktov.<\/li>\n<\/ol>\n\n\n\n<hr class=\"wp-block-separator has-alpha-channel-opacity\"\/>\n\n\n\n<h3 class=\"wp-block-heading\"><span class=\"ez-toc-section\" id=\"Eine_Technologie_im_Spannungsfeld\"><\/span><strong>Technol\u00f3gia v nap\u00e4t\u00ed<\/strong><span class=\"ez-toc-section-end\"><\/span><\/h3>\n\n\n\n<p>Elektronick\u00e1 cigareta v E\u00da sa nach\u00e1dza v paradoxe. Vedecky je jej \u00faloha ako d\u00f4le\u017eit\u00e9ho n\u00e1stroja na <strong>Minimaliz\u00e1cia \u0161k\u00f4d (Zni\u017eovanie \u0161k\u00f4d)<\/strong> lep\u0161ie podlo\u017een\u00e1 ne\u017e kedyko\u013evek predt\u00fdm. Politicky v\u0161ak stoj\u00ed pod pa\u013ebou, poh\u00e1\u0148an\u00e1 opr\u00e1vnen\u00fdmi obavami o ochranu ml\u00e1de\u017ee a \u00faspech kontroverzn\u00fdch jednorazov\u00fdch v\u00fdrobkov.<\/p>\n\n\n\n<p>Pre jednotliv\u00e9ho faj\u010diara v\u0161ak zost\u00e1va posolstvo pozit\u00edvne: Napriek v\u0161etk\u00fdm byrokratick\u00fdm prek\u00e1\u017ekam a rozdielnym n\u00e1rodn\u00fdm pr\u00edstupom pon\u00faka E\u00da jeden z najbezpe\u010dnej\u0161\u00edch trhov s elektronick\u00fdmi cigaretami na svete. T\u00ed, ktor\u00ed chc\u00fa prejs\u0165 na alternat\u00edvu, n\u00e1jdu vo v\u00e4\u010d\u0161ine kraj\u00edn E\u00da overen\u00e9 produkty, ktor\u00e9 s\u00fa d\u00f4kazom ove\u013ea menej \u0161kodlivej alternat\u00edvy ku konzum\u00e1cii tabaku.<\/p>\n\n\n\n<p>Debata o tom, ako by sa mali regulova\u0165 elektronick\u00e9 cigarety, bude pokra\u010dova\u0165. Ide\u00e1lny scen\u00e1r by bol kompromis: pr\u00edsna ochrana ml\u00e1de\u017ee, ktor\u00e1 zak\u00e1\u017ee pr\u00edstup mladistv\u00fdm, kombinovan\u00e1 s jednoduch\u00fdm pr\u00edstupom a atrakt\u00edvnou rozmanitos\u0165ou pre dospel\u00fdch faj\u010diarov, ktor\u00ed chc\u00fa svoj \u017eivot pred\u013a\u017ei\u0165 zrieknut\u00edm sa tabaku.<\/p>\n\n\n\n<hr class=\"wp-block-separator has-alpha-channel-opacity\"\/>\n\n\n\n<h3 class=\"wp-block-heading\"><span class=\"ez-toc-section\" id=\"FAQ_Haufige_Fragen_zur_E-Zigaretten-Regulierung_in_der_EU\"><\/span><strong>\u010casto kladen\u00e9 ot\u00e1zky: \u010casto kladen\u00e9 ot\u00e1zky o regul\u00e1cii elektronick\u00fdch cigariet v E\u00da<\/strong><span class=\"ez-toc-section-end\"><\/span><\/h3>\n\n\n\n<p><strong>S\u00fa elektronick\u00e9 cigarety leg\u00e1lne v celej E\u00da?<\/strong> \u00c1no, predaj a konzum\u00e1cia elektronick\u00fdch cigariet je v z\u00e1sade leg\u00e1lna vo v\u0161etk\u00fdch krajin\u00e1ch E\u00da. Existuj\u00fa v\u0161ak rozdiely v detailoch: v niektor\u00fdch krajin\u00e1ch s\u00fa zak\u00e1zan\u00e9 ar\u00f3my, v in\u00fdch obmedzenia v online predaji. Okrem toho platia r\u00f4zne z\u00e1kony o ochrane nefaj\u010diarov, ktor\u00e9 upravuj\u00fa, kde je mo\u017en\u00e9 vapova\u0165.<\/p>\n\n\n\n<p><strong>Pre\u010do niektor\u00e9 krajiny chc\u00fa zak\u00e1za\u0165 ar\u00f3my?<\/strong> Zdravotn\u00edcki politici v krajin\u00e1ch ako Holandsko alebo D\u00e1nsko sa ob\u00e1vaj\u00fa, \u017ee sladk\u00e9 a ovocn\u00e9 ar\u00f3my pril\u00e1kaj\u00fa ml\u00e1de\u017e k za\u010datiu faj\u010denia (takzvan\u00fd \u201eLock-Effekt\u201c). Z\u00e1stancovia elektronickej cigarety v\u0161ak tvrdia, \u017ee pr\u00e1ve tieto ar\u00f3my s\u00fa nevyhnutn\u00e9 pre dospel\u00fdch faj\u010diarov na prechod od tabakovej cigarety a na zabr\u00e1nenie n\u00e1vratov k faj\u010deniu.<\/p>\n\n\n\n<p><strong>\u010co znamen\u00e1 TPD2?<\/strong> TPD2 je druh\u00e1 smernica o tabakov\u00fdch v\u00fdrobkoch E\u00da (Tobacco Products Directive). Od roku 2016 upravuje v\u00fdrobu, prezent\u00e1ciu a predaj tabakov\u00fdch a s\u00favisiacich v\u00fdrobkov. Stanovuje bezpe\u010dnostn\u00e9 \u0161tandardy, ako je maxim\u00e1lna nikot\u00ednov\u00e1 koncentr\u00e1cia 20 mg\/ml a detsky bezpe\u010dn\u00e9 uz\u00e1very.<\/p>\n\n\n\n<p><strong>S\u00fa e-cigarety v E\u00da bezpe\u010dn\u00e9?<\/strong> \u00c1no, v porovnan\u00ed s neregulovan\u00fdmi trhmi s\u00fa e-cigarety v E\u00da ve\u013emi bezpe\u010dn\u00e9. V\u010faka povinnosti hl\u00e1si\u0165, z\u00e1kazu ur\u010dit\u00fdch zlo\u017eiek (ako vitam\u00edny alebo karcinog\u00e9nne pr\u00edsady) a kontrol\u00e1m kvality je riziko pre spotrebite\u013eov minimalizovan\u00e9, pokia\u013e si kupuj\u00fa leg\u00e1lne produkty z odborn\u00e9ho obchodu.<\/p>\n\n\n\n<p><strong>Bude vaping v bud\u00facnosti drah\u0161\u00ed?<\/strong> Je to pravdepodobn\u00e9. Okrem n\u00e1rodn\u00fdch dan\u00ed (ako da\u0148 z tabaku na n\u00e1hrady) diskutuje E\u00da o celoeur\u00f3pskom minim\u00e1lnom zdanen\u00ed e-liquidov. Cie\u013eom je vyrovna\u0165 ceny a potenci\u00e1lne zn\u00ed\u017ei\u0165 spotrebu zv\u00fd\u0161en\u00edm cien, podobne ako pri tabakov\u00fdch cigaret\u00e1ch.<\/p>","protected":false},"excerpt":{"rendered":"<p>Ako eur\u00f3pska politika formuje bud\u00facnos\u0165 e-cigarety a odvykania od faj\u010denia \u00davod: Kontinent, dve filozofie V Bruseli, Berl\u00edne, Par\u00ed\u017ei a Var\u0161ave sa moment\u00e1lne rozhoduje o bud\u00facnosti mili\u00f3nov faj\u010diarov. E-cigareta za posledn\u00fdch desa\u0165 rokov zmenila trh s tabakom a vyvolala debatu, ktor\u00e1 je tak\u00e1 v\u00e1\u0161niv\u00e1 ako \u017eiadna in\u00e1 [...]<\/p>","protected":false},"author":2,"featured_media":10292,"comment_status":"closed","ping_status":"open","sticky":false,"template":"","format":"standard","meta":{"inline_featured_image":false,"footnotes":""},"categories":[659],"tags":[660,669,668],"yoast_head":"<!-- This site is optimized with the Yoast SEO plugin v23.3 - https:\/\/yoast.com\/wordpress\/plugins\/seo\/ -->\n<title>Ansichten der EU-L\u00e4nder zu E-Zigaretten | ElementVape.de<\/title>\n<meta name=\"description\" content=\"Wie unterschiedlich geht Europa mit E-Zigaretten um? Wir analysieren die Gesetze, die Rolle bei der Raucherentw\u00f6hnung und die Debatte um Aromenverbote in der EU.\" \/>\n<meta name=\"robots\" content=\"index, follow, max-snippet:-1, max-image-preview:large, max-video-preview:-1\" \/>\n<link rel=\"canonical\" href=\"https:\/\/www.elementvape.de\/sk\/ansichten-der-eu-laender-zu-e-zigaretten\/\" \/>\n<meta property=\"og:locale\" content=\"sk_SK\" \/>\n<meta property=\"og:type\" content=\"article\" \/>\n<meta property=\"og:title\" content=\"Ansichten der EU-L\u00e4nder zu E-Zigaretten | ElementVape.de\" \/>\n<meta property=\"og:description\" content=\"Wie unterschiedlich geht Europa mit E-Zigaretten um? Wir analysieren die Gesetze, die Rolle bei der Raucherentw\u00f6hnung und die Debatte um Aromenverbote in der EU.\" \/>\n<meta property=\"og:url\" content=\"https:\/\/www.elementvape.de\/sk\/ansichten-der-eu-laender-zu-e-zigaretten\/\" \/>\n<meta property=\"og:site_name\" content=\"ElementVape.de\" \/>\n<meta property=\"article:published_time\" content=\"2025-11-26T03:34:46+00:00\" \/>\n<meta property=\"article:modified_time\" content=\"2025-11-26T05:33:37+00:00\" \/>\n<meta property=\"og:image\" content=\"https:\/\/www.elementvape.de\/wp-content\/uploads\/2024\/04\/The_Vape_Way_Mashpee_2.jpg\" \/>\n\t<meta property=\"og:image:width\" content=\"2158\" \/>\n\t<meta property=\"og:image:height\" content=\"1267\" \/>\n\t<meta property=\"og:image:type\" content=\"image\/jpeg\" \/>\n<meta name=\"author\" content=\"Robin\" \/>\n<meta name=\"twitter:card\" content=\"summary_large_image\" \/>\n<meta name=\"twitter:label1\" content=\"Written by\" \/>\n\t<meta name=\"twitter:data1\" content=\"Robin\" \/>\n\t<meta name=\"twitter:label2\" content=\"Est. reading time\" \/>\n\t<meta name=\"twitter:data2\" content=\"11 min\u00fat\" \/>\n<script type=\"application\/ld+json\" class=\"yoast-schema-graph\">{\"@context\":\"https:\/\/schema.org\",\"@graph\":[{\"@type\":\"Article\",\"@id\":\"https:\/\/www.elementvape.de\/ansichten-der-eu-laender-zu-e-zigaretten\/#article\",\"isPartOf\":{\"@id\":\"https:\/\/www.elementvape.de\/ansichten-der-eu-laender-zu-e-zigaretten\/\"},\"author\":{\"name\":\"Robin\",\"@id\":\"https:\/\/www.elementvape.de\/#\/schema\/person\/4badf78f6451c1ffc0f2f28411f0cef8\"},\"headline\":\"Ansichten der EU-L\u00e4nder zu E-Zigaretten\",\"datePublished\":\"2025-11-26T03:34:46+00:00\",\"dateModified\":\"2025-11-26T05:33:37+00:00\",\"mainEntityOfPage\":{\"@id\":\"https:\/\/www.elementvape.de\/ansichten-der-eu-laender-zu-e-zigaretten\/\"},\"wordCount\":1934,\"publisher\":{\"@id\":\"https:\/\/www.elementvape.de\/#organization\"},\"image\":{\"@id\":\"https:\/\/www.elementvape.de\/ansichten-der-eu-laender-zu-e-zigaretten\/#primaryimage\"},\"thumbnailUrl\":\"https:\/\/www.elementvape.de\/wp-content\/uploads\/2024\/04\/The_Vape_Way_Mashpee_2.jpg\",\"keywords\":[\"Bericht\",\"Gesundheit\",\"soziale E-Zigarette\"],\"articleSection\":[\"Wissen\"],\"inLanguage\":\"sk-SK\"},{\"@type\":\"WebPage\",\"@id\":\"https:\/\/www.elementvape.de\/ansichten-der-eu-laender-zu-e-zigaretten\/\",\"url\":\"https:\/\/www.elementvape.de\/ansichten-der-eu-laender-zu-e-zigaretten\/\",\"name\":\"Ansichten der EU-L\u00e4nder zu E-Zigaretten | ElementVape.de\",\"isPartOf\":{\"@id\":\"https:\/\/www.elementvape.de\/#website\"},\"primaryImageOfPage\":{\"@id\":\"https:\/\/www.elementvape.de\/ansichten-der-eu-laender-zu-e-zigaretten\/#primaryimage\"},\"image\":{\"@id\":\"https:\/\/www.elementvape.de\/ansichten-der-eu-laender-zu-e-zigaretten\/#primaryimage\"},\"thumbnailUrl\":\"https:\/\/www.elementvape.de\/wp-content\/uploads\/2024\/04\/The_Vape_Way_Mashpee_2.jpg\",\"datePublished\":\"2025-11-26T03:34:46+00:00\",\"dateModified\":\"2025-11-26T05:33:37+00:00\",\"description\":\"Wie unterschiedlich geht Europa mit E-Zigaretten um? Wir analysieren die Gesetze, die Rolle bei der Raucherentw\u00f6hnung und die Debatte um Aromenverbote in der EU.\",\"breadcrumb\":{\"@id\":\"https:\/\/www.elementvape.de\/ansichten-der-eu-laender-zu-e-zigaretten\/#breadcrumb\"},\"inLanguage\":\"sk-SK\",\"potentialAction\":[{\"@type\":\"ReadAction\",\"target\":[\"https:\/\/www.elementvape.de\/ansichten-der-eu-laender-zu-e-zigaretten\/\"]}]},{\"@type\":\"ImageObject\",\"inLanguage\":\"sk-SK\",\"@id\":\"https:\/\/www.elementvape.de\/ansichten-der-eu-laender-zu-e-zigaretten\/#primaryimage\",\"url\":\"https:\/\/www.elementvape.de\/wp-content\/uploads\/2024\/04\/The_Vape_Way_Mashpee_2.jpg\",\"contentUrl\":\"https:\/\/www.elementvape.de\/wp-content\/uploads\/2024\/04\/The_Vape_Way_Mashpee_2.jpg\",\"width\":2158,\"height\":1267,\"caption\":\"The_Vape_shop\"},{\"@type\":\"BreadcrumbList\",\"@id\":\"https:\/\/www.elementvape.de\/ansichten-der-eu-laender-zu-e-zigaretten\/#breadcrumb\",\"itemListElement\":[{\"@type\":\"ListItem\",\"position\":1,\"name\":\"Home\",\"item\":\"https:\/\/www.elementvape.de\/\"},{\"@type\":\"ListItem\",\"position\":2,\"name\":\"Ansichten der EU-L\u00e4nder zu E-Zigaretten\"}]},{\"@type\":\"WebSite\",\"@id\":\"https:\/\/www.elementvape.de\/#website\",\"url\":\"https:\/\/www.elementvape.de\/\",\"name\":\"ElementVape.de\",\"description\":\"\",\"publisher\":{\"@id\":\"https:\/\/www.elementvape.de\/#organization\"},\"potentialAction\":[{\"@type\":\"SearchAction\",\"target\":{\"@type\":\"EntryPoint\",\"urlTemplate\":\"https:\/\/www.elementvape.de\/?s={search_term_string}\"},\"query-input\":\"required name=search_term_string\"}],\"inLanguage\":\"sk-SK\"},{\"@type\":\"Organization\",\"@id\":\"https:\/\/www.elementvape.de\/#organization\",\"name\":\"ElementVape.DE\",\"url\":\"https:\/\/www.elementvape.de\/\",\"logo\":{\"@type\":\"ImageObject\",\"inLanguage\":\"sk-SK\",\"@id\":\"https:\/\/www.elementvape.de\/#\/schema\/logo\/image\/\",\"url\":\"https:\/\/www.elementvape.de\/wp-content\/uploads\/2024\/09\/cropped-1elementvape-3.png\",\"contentUrl\":\"https:\/\/www.elementvape.de\/wp-content\/uploads\/2024\/09\/cropped-1elementvape-3.png\",\"width\":285,\"height\":228,\"caption\":\"ElementVape.DE\"},\"image\":{\"@id\":\"https:\/\/www.elementvape.de\/#\/schema\/logo\/image\/\"}},{\"@type\":\"Person\",\"@id\":\"https:\/\/www.elementvape.de\/#\/schema\/person\/4badf78f6451c1ffc0f2f28411f0cef8\",\"name\":\"Robin\",\"image\":{\"@type\":\"ImageObject\",\"inLanguage\":\"sk-SK\",\"@id\":\"https:\/\/www.elementvape.de\/#\/schema\/person\/image\/\",\"url\":\"https:\/\/secure.gravatar.com\/avatar\/5af279df9dd7205296d618c6960b0e71?s=96&d=mm&r=g\",\"contentUrl\":\"https:\/\/secure.gravatar.com\/avatar\/5af279df9dd7205296d618c6960b0e71?s=96&d=mm&r=g\",\"caption\":\"Robin\"},\"sameAs\":[\"https:\/\/www.elementvape.de\"],\"url\":\"https:\/\/www.elementvape.de\/sk\/author\/wangxiaoping\/\"}]}<\/script>\n<!-- \/ Yoast SEO plugin. -->","yoast_head_json":{"title":"Ansichten der EU-L\u00e4nder zu E-Zigaretten | ElementVape.de","description":"Wie unterschiedlich geht Europa mit E-Zigaretten um? Wir analysieren die Gesetze, die Rolle bei der Raucherentw\u00f6hnung und die Debatte um Aromenverbote in der EU.","robots":{"index":"index","follow":"follow","max-snippet":"max-snippet:-1","max-image-preview":"max-image-preview:large","max-video-preview":"max-video-preview:-1"},"canonical":"https:\/\/www.elementvape.de\/sk\/ansichten-der-eu-laender-zu-e-zigaretten\/","og_locale":"sk_SK","og_type":"article","og_title":"Ansichten der EU-L\u00e4nder zu E-Zigaretten | ElementVape.de","og_description":"Wie unterschiedlich geht Europa mit E-Zigaretten um? Wir analysieren die Gesetze, die Rolle bei der Raucherentw\u00f6hnung und die Debatte um Aromenverbote in der EU.","og_url":"https:\/\/www.elementvape.de\/sk\/ansichten-der-eu-laender-zu-e-zigaretten\/","og_site_name":"ElementVape.de","article_published_time":"2025-11-26T03:34:46+00:00","article_modified_time":"2025-11-26T05:33:37+00:00","og_image":[{"width":2158,"height":1267,"url":"https:\/\/www.elementvape.de\/wp-content\/uploads\/2024\/04\/The_Vape_Way_Mashpee_2.jpg","type":"image\/jpeg"}],"author":"Robin","twitter_card":"summary_large_image","twitter_misc":{"Written by":"Robin","Est. reading time":"11 min\u00fat"},"schema":{"@context":"https:\/\/schema.org","@graph":[{"@type":"Article","@id":"https:\/\/www.elementvape.de\/ansichten-der-eu-laender-zu-e-zigaretten\/#article","isPartOf":{"@id":"https:\/\/www.elementvape.de\/ansichten-der-eu-laender-zu-e-zigaretten\/"},"author":{"name":"Robin","@id":"https:\/\/www.elementvape.de\/#\/schema\/person\/4badf78f6451c1ffc0f2f28411f0cef8"},"headline":"Ansichten der EU-L\u00e4nder zu E-Zigaretten","datePublished":"2025-11-26T03:34:46+00:00","dateModified":"2025-11-26T05:33:37+00:00","mainEntityOfPage":{"@id":"https:\/\/www.elementvape.de\/ansichten-der-eu-laender-zu-e-zigaretten\/"},"wordCount":1934,"publisher":{"@id":"https:\/\/www.elementvape.de\/#organization"},"image":{"@id":"https:\/\/www.elementvape.de\/ansichten-der-eu-laender-zu-e-zigaretten\/#primaryimage"},"thumbnailUrl":"https:\/\/www.elementvape.de\/wp-content\/uploads\/2024\/04\/The_Vape_Way_Mashpee_2.jpg","keywords":["Bericht","Gesundheit","soziale E-Zigarette"],"articleSection":["Wissen"],"inLanguage":"sk-SK"},{"@type":"WebPage","@id":"https:\/\/www.elementvape.de\/ansichten-der-eu-laender-zu-e-zigaretten\/","url":"https:\/\/www.elementvape.de\/ansichten-der-eu-laender-zu-e-zigaretten\/","name":"Ansichten der EU-L\u00e4nder zu E-Zigaretten | ElementVape.de","isPartOf":{"@id":"https:\/\/www.elementvape.de\/#website"},"primaryImageOfPage":{"@id":"https:\/\/www.elementvape.de\/ansichten-der-eu-laender-zu-e-zigaretten\/#primaryimage"},"image":{"@id":"https:\/\/www.elementvape.de\/ansichten-der-eu-laender-zu-e-zigaretten\/#primaryimage"},"thumbnailUrl":"https:\/\/www.elementvape.de\/wp-content\/uploads\/2024\/04\/The_Vape_Way_Mashpee_2.jpg","datePublished":"2025-11-26T03:34:46+00:00","dateModified":"2025-11-26T05:33:37+00:00","description":"Wie unterschiedlich geht Europa mit E-Zigaretten um? Wir analysieren die Gesetze, die Rolle bei der Raucherentw\u00f6hnung und die Debatte um Aromenverbote in der EU.","breadcrumb":{"@id":"https:\/\/www.elementvape.de\/ansichten-der-eu-laender-zu-e-zigaretten\/#breadcrumb"},"inLanguage":"sk-SK","potentialAction":[{"@type":"ReadAction","target":["https:\/\/www.elementvape.de\/ansichten-der-eu-laender-zu-e-zigaretten\/"]}]},{"@type":"ImageObject","inLanguage":"sk-SK","@id":"https:\/\/www.elementvape.de\/ansichten-der-eu-laender-zu-e-zigaretten\/#primaryimage","url":"https:\/\/www.elementvape.de\/wp-content\/uploads\/2024\/04\/The_Vape_Way_Mashpee_2.jpg","contentUrl":"https:\/\/www.elementvape.de\/wp-content\/uploads\/2024\/04\/The_Vape_Way_Mashpee_2.jpg","width":2158,"height":1267,"caption":"The_Vape_shop"},{"@type":"BreadcrumbList","@id":"https:\/\/www.elementvape.de\/ansichten-der-eu-laender-zu-e-zigaretten\/#breadcrumb","itemListElement":[{"@type":"ListItem","position":1,"name":"Home","item":"https:\/\/www.elementvape.de\/"},{"@type":"ListItem","position":2,"name":"Ansichten der EU-L\u00e4nder zu E-Zigaretten"}]},{"@type":"WebSite","@id":"https:\/\/www.elementvape.de\/#website","url":"https:\/\/www.elementvape.de\/","name":"ElementVape.de","description":"","publisher":{"@id":"https:\/\/www.elementvape.de\/#organization"},"potentialAction":[{"@type":"SearchAction","target":{"@type":"EntryPoint","urlTemplate":"https:\/\/www.elementvape.de\/?s={search_term_string}"},"query-input":"required name=search_term_string"}],"inLanguage":"sk-SK"},{"@type":"Organization","@id":"https:\/\/www.elementvape.de\/#organization","name":"ElementVape.DE","url":"https:\/\/www.elementvape.de\/","logo":{"@type":"ImageObject","inLanguage":"sk-SK","@id":"https:\/\/www.elementvape.de\/#\/schema\/logo\/image\/","url":"https:\/\/www.elementvape.de\/wp-content\/uploads\/2024\/09\/cropped-1elementvape-3.png","contentUrl":"https:\/\/www.elementvape.de\/wp-content\/uploads\/2024\/09\/cropped-1elementvape-3.png","width":285,"height":228,"caption":"ElementVape.DE"},"image":{"@id":"https:\/\/www.elementvape.de\/#\/schema\/logo\/image\/"}},{"@type":"Person","@id":"https:\/\/www.elementvape.de\/#\/schema\/person\/4badf78f6451c1ffc0f2f28411f0cef8","name":"Robin","image":{"@type":"ImageObject","inLanguage":"sk-SK","@id":"https:\/\/www.elementvape.de\/#\/schema\/person\/image\/","url":"https:\/\/secure.gravatar.com\/avatar\/5af279df9dd7205296d618c6960b0e71?s=96&d=mm&r=g","contentUrl":"https:\/\/secure.gravatar.com\/avatar\/5af279df9dd7205296d618c6960b0e71?s=96&d=mm&r=g","caption":"Robin"},"sameAs":["https:\/\/www.elementvape.de"],"url":"https:\/\/www.elementvape.de\/sk\/author\/wangxiaoping\/"}]}},"_links":{"self":[{"href":"https:\/\/www.elementvape.de\/sk\/wp-json\/wp\/v2\/posts\/10226"}],"collection":[{"href":"https:\/\/www.elementvape.de\/sk\/wp-json\/wp\/v2\/posts"}],"about":[{"href":"https:\/\/www.elementvape.de\/sk\/wp-json\/wp\/v2\/types\/post"}],"author":[{"embeddable":true,"href":"https:\/\/www.elementvape.de\/sk\/wp-json\/wp\/v2\/users\/2"}],"replies":[{"embeddable":true,"href":"https:\/\/www.elementvape.de\/sk\/wp-json\/wp\/v2\/comments?post=10226"}],"version-history":[{"count":6,"href":"https:\/\/www.elementvape.de\/sk\/wp-json\/wp\/v2\/posts\/10226\/revisions"}],"predecessor-version":[{"id":16571,"href":"https:\/\/www.elementvape.de\/sk\/wp-json\/wp\/v2\/posts\/10226\/revisions\/16571"}],"wp:featuredmedia":[{"embeddable":true,"href":"https:\/\/www.elementvape.de\/sk\/wp-json\/wp\/v2\/media\/10292"}],"wp:attachment":[{"href":"https:\/\/www.elementvape.de\/sk\/wp-json\/wp\/v2\/media?parent=10226"}],"wp:term":[{"taxonomy":"category","embeddable":true,"href":"https:\/\/www.elementvape.de\/sk\/wp-json\/wp\/v2\/categories?post=10226"},{"taxonomy":"post_tag","embeddable":true,"href":"https:\/\/www.elementvape.de\/sk\/wp-json\/wp\/v2\/tags?post=10226"}],"curies":[{"name":"wp","href":"https:\/\/api.w.org\/{rel}","templated":true}]}}