{"id":15569,"date":"2025-12-05T09:53:22","date_gmt":"2025-12-05T09:53:22","guid":{"rendered":"https:\/\/www.elementvape.de\/?p=15569"},"modified":"2025-12-05T09:54:43","modified_gmt":"2025-12-05T09:54:43","slug":"ignorieren-sie-es-nicht-laenger-die-potenziellen-gefahren-des-sekundaerrauchs-von-gebrauchtwaren-e-zigaretten-fuer-die-menschen-in-der-naehe","status":"publish","type":"post","link":"https:\/\/www.elementvape.de\/ro\/ignorieren-sie-es-nicht-laenger-die-potenziellen-gefahren-des-sekundaerrauchs-von-gebrauchtwaren-e-zigaretten-fuer-die-menschen-in-der-naehe\/","title":{"rendered":"Nu-l ignora\u021bi mai mult! Pericolele poten\u021biale ale fumului secundar al \u021bigaretelor electronice second-hand pentru persoanele din apropiere"},"content":{"rendered":"<div id=\"ez-toc-container\" class=\"ez-toc-v2_0_71 counter-hierarchy ez-toc-counter ez-toc-grey ez-toc-container-direction\">\n<div class=\"ez-toc-title-container\">\n<p class=\"ez-toc-title ez-toc-toggle\" style=\"cursor:pointer\">Cuprins<\/p>\n<span class=\"ez-toc-title-toggle\"><a href=\"#\" class=\"ez-toc-pull-right ez-toc-btn ez-toc-btn-xs ez-toc-btn-default ez-toc-toggle\" aria-label=\"Comut\u0103 Tabelul de Con\u021binut\"><span class=\"ez-toc-js-icon-con\"><span class=\"\"><span class=\"eztoc-hide\" style=\"display:none;\">Comutare<\/span><span class=\"ez-toc-icon-toggle-span\"><svg style=\"fill: #999;color:#999\" xmlns=\"http:\/\/www.w3.org\/2000\/svg\" class=\"list-377408\" width=\"20px\" height=\"20px\" viewbox=\"0 0 24 24\" fill=\"none\"><path d=\"M6 6H4v2h2V6zm14 0H8v2h12V6zM4 11h2v2H4v-2zm16 0H8v2h12v-2zM4 16h2v2H4v-2zm16 0H8v2h12v-2z\" fill=\"currentColor\"><\/path><\/svg><svg style=\"fill: #999;color:#999\" class=\"arrow-unsorted-368013\" xmlns=\"http:\/\/www.w3.org\/2000\/svg\" width=\"10px\" height=\"10px\" viewbox=\"0 0 24 24\" version=\"1.2\" baseprofile=\"tiny\"><path d=\"M18.2 9.3l-6.2-6.3-6.2 6.3c-.2.2-.3.4-.3.7s.1.5.3.7c.2.2.4.3.7.3h11c.3 0 .5-.1.7-.3.2-.2.3-.5.3-.7s-.1-.5-.3-.7zM5.8 14.7l6.2 6.3 6.2-6.3c.2-.2.3-.5.3-.7s-.1-.5-.3-.7c-.2-.2-.4-.3-.7-.3h-11c-.3 0-.5.1-.7.3-.2.2-.3.5-.3.7s.1.5.3.7z\"\/><\/svg><\/span><\/span><\/span><\/a><\/span><\/div>\n<nav><ul class='ez-toc-list ez-toc-list-level-1' ><li class='ez-toc-page-1 ez-toc-heading-level-2'><a class=\"ez-toc-link ez-toc-heading-1\" href=\"https:\/\/www.elementvape.de\/ro\/ignorieren-sie-es-nicht-laenger-die-potenziellen-gefahren-des-sekundaerrauchs-von-gebrauchtwaren-e-zigaretten-fuer-die-menschen-in-der-naehe#Einleitung_Der_Mythos_vom_harmlosen_Wasserdampf\" title=\"Introducere: Mitul aburului de ap\u0103 inofensiv\">Introducere: Mitul aburului de ap\u0103 inofensiv<\/a><ul class='ez-toc-list-level-3' ><li class='ez-toc-heading-level-3'><a class=\"ez-toc-link ez-toc-heading-2\" href=\"https:\/\/www.elementvape.de\/ro\/ignorieren-sie-es-nicht-laenger-die-potenziellen-gefahren-des-sekundaerrauchs-von-gebrauchtwaren-e-zigaretten-fuer-die-menschen-in-der-naehe#I_Die_Anatomie_des_Aerosols_Was_atmen_Dritte_wirklich_ein\" title=\"I. Anatomia aerosolului: Ce inhaleaz\u0103 cu adev\u0103rat ter\u021bii?\">I. Anatomia aerosolului: Ce inhaleaz\u0103 cu adev\u0103rat ter\u021bii?<\/a><ul class='ez-toc-list-level-4' ><li class='ez-toc-heading-level-4'><a class=\"ez-toc-link ez-toc-heading-3\" href=\"https:\/\/www.elementvape.de\/ro\/ignorieren-sie-es-nicht-laenger-die-potenziellen-gefahren-des-sekundaerrauchs-von-gebrauchtwaren-e-zigaretten-fuer-die-menschen-in-der-naehe#1_Die_Tragersubstanzen_Propylenglykol_PG_und_Glycerin_VG\" title=\"1. Substan\u021bele purt\u0103toare: Propilenglicol (PG) \u0219i Glicerol (VG)\">1. Substan\u021bele purt\u0103toare: Propilenglicol (PG) \u0219i Glicerol (VG)<\/a><\/li><li class='ez-toc-page-1 ez-toc-heading-level-4'><a class=\"ez-toc-link ez-toc-heading-4\" href=\"https:\/\/www.elementvape.de\/ro\/ignorieren-sie-es-nicht-laenger-die-potenziellen-gefahren-des-sekundaerrauchs-von-gebrauchtwaren-e-zigaretten-fuer-die-menschen-in-der-naehe#2_Nikotin_Der_unsichtbare_Wirkstoff\" title=\"2. Nicotina: Substan\u021ba activ\u0103 invizibil\u0103\">2. Nicotina: Substan\u021ba activ\u0103 invizibil\u0103<\/a><\/li><li class='ez-toc-page-1 ez-toc-heading-level-4'><a class=\"ez-toc-link ez-toc-heading-5\" href=\"https:\/\/www.elementvape.de\/ro\/ignorieren-sie-es-nicht-laenger-die-potenziellen-gefahren-des-sekundaerrauchs-von-gebrauchtwaren-e-zigaretten-fuer-die-menschen-in-der-naehe#3_Aldehyde_und_Fluchtige_Organische_Verbindungen_VOCs\" title=\"3. Aldehide \u0219i Compu\u0219i Organici Volatili (COV)\">3. Aldehide \u0219i Compu\u0219i Organici Volatili (COV)<\/a><\/li><li class='ez-toc-page-1 ez-toc-heading-level-4'><a class=\"ez-toc-link ez-toc-heading-6\" href=\"https:\/\/www.elementvape.de\/ro\/ignorieren-sie-es-nicht-laenger-die-potenziellen-gefahren-des-sekundaerrauchs-von-gebrauchtwaren-e-zigaretten-fuer-die-menschen-in-der-naehe#4_Schwermetalle_und_Nanopartikel\" title=\"4. Metale grele \u0219i nanoparticule\">4. Metale grele \u0219i nanoparticule<\/a><\/li><\/ul><\/li><li class='ez-toc-page-1 ez-toc-heading-level-3'><a class=\"ez-toc-link ez-toc-heading-7\" href=\"https:\/\/www.elementvape.de\/ro\/ignorieren-sie-es-nicht-laenger-die-potenziellen-gefahren-des-sekundaerrauchs-von-gebrauchtwaren-e-zigaretten-fuer-die-menschen-in-der-naehe#II_Direkte_Auswirkungen_auf_die_Atemwege_und_Lunge\" title=\"II. Impacturi directe asupra c\u0103ilor respiratorii \u0219i pl\u0103m\u00e2nilor\">II. Impacturi directe asupra c\u0103ilor respiratorii \u0219i pl\u0103m\u00e2nilor<\/a><ul class='ez-toc-list-level-4' ><li class='ez-toc-heading-level-4'><a class=\"ez-toc-link ez-toc-heading-8\" href=\"https:\/\/www.elementvape.de\/ro\/ignorieren-sie-es-nicht-laenger-die-potenziellen-gefahren-des-sekundaerrauchs-von-gebrauchtwaren-e-zigaretten-fuer-die-menschen-in-der-naehe#1_Akute_Irritationen_und_Entzundungsreaktionen\" title=\"1. Irita\u021bii acute \u0219i reac\u021bii inflamatorii\">1. Irita\u021bii acute \u0219i reac\u021bii inflamatorii<\/a><\/li><li class='ez-toc-page-1 ez-toc-heading-level-4'><a class=\"ez-toc-link ez-toc-heading-9\" href=\"https:\/\/www.elementvape.de\/ro\/ignorieren-sie-es-nicht-laenger-die-potenziellen-gefahren-des-sekundaerrauchs-von-gebrauchtwaren-e-zigaretten-fuer-die-menschen-in-der-naehe#2_Risiko_fur_Asthmatiker_und_COPD-Patienten\" title=\"2. Riscul pentru astmatici \u0219i pacien\u021bii cu BPOC\">2. Riscul pentru astmatici \u0219i pacien\u021bii cu BPOC<\/a><\/li><li class='ez-toc-page-1 ez-toc-heading-level-4'><a class=\"ez-toc-link ez-toc-heading-10\" href=\"https:\/\/www.elementvape.de\/ro\/ignorieren-sie-es-nicht-laenger-die-potenziellen-gefahren-des-sekundaerrauchs-von-gebrauchtwaren-e-zigaretten-fuer-die-menschen-in-der-naehe#3_Infektionsanfalligkeit\" title=\"3. Vulnerabilitate la infec\u021bii\">3. Vulnerabilitate la infec\u021bii<\/a><\/li><\/ul><\/li><li class='ez-toc-page-1 ez-toc-heading-level-3'><a class=\"ez-toc-link ez-toc-heading-11\" href=\"https:\/\/www.elementvape.de\/ro\/ignorieren-sie-es-nicht-laenger-die-potenziellen-gefahren-des-sekundaerrauchs-von-gebrauchtwaren-e-zigaretten-fuer-die-menschen-in-der-naehe#III_Potenzielle_Risiken_fur_das_kardiovaskulare_System\" title=\"III. Riscuri poten\u021biale pentru sistemul cardiovascular\">III. Riscuri poten\u021biale pentru sistemul cardiovascular<\/a><ul class='ez-toc-list-level-4' ><li class='ez-toc-heading-level-4'><a class=\"ez-toc-link ez-toc-heading-12\" href=\"https:\/\/www.elementvape.de\/ro\/ignorieren-sie-es-nicht-laenger-die-potenziellen-gefahren-des-sekundaerrauchs-von-gebrauchtwaren-e-zigaretten-fuer-die-menschen-in-der-naehe#1_Nikotinaufnahme_und_hamodynamische_Effekte\" title=\"1. Absorb\u021bia de nicotin\u0103 \u0219i efectele hemodinamice\">1. Absorb\u021bia de nicotin\u0103 \u0219i efectele hemodinamice<\/a><\/li><li class='ez-toc-page-1 ez-toc-heading-level-4'><a class=\"ez-toc-link ez-toc-heading-13\" href=\"https:\/\/www.elementvape.de\/ro\/ignorieren-sie-es-nicht-laenger-die-potenziellen-gefahren-des-sekundaerrauchs-von-gebrauchtwaren-e-zigaretten-fuer-die-menschen-in-der-naehe#2_Oxidativer_Stress_und_Endothelfunktion\" title=\"2. Stres oxidativ \u0219i func\u021bia endotelial\u0103\">2. Stres oxidativ \u0219i func\u021bia endotelial\u0103<\/a><\/li><\/ul><\/li><li class='ez-toc-page-1 ez-toc-heading-level-3'><a class=\"ez-toc-link ez-toc-heading-14\" href=\"https:\/\/www.elementvape.de\/ro\/ignorieren-sie-es-nicht-laenger-die-potenziellen-gefahren-des-sekundaerrauchs-von-gebrauchtwaren-e-zigaretten-fuer-die-menschen-in-der-naehe#IV_Besondere_Risikogruppen_Warum_Kinder_und_Schwangere_tabu_sind\" title=\"IV. Grupuri de risc speciale: De ce sunt tabu copiii \u0219i femeile \u00eens\u0103rcinate\">IV. Grupuri de risc speciale: De ce sunt tabu copiii \u0219i femeile \u00eens\u0103rcinate<\/a><ul class='ez-toc-list-level-4' ><li class='ez-toc-heading-level-4'><a class=\"ez-toc-link ez-toc-heading-15\" href=\"https:\/\/www.elementvape.de\/ro\/ignorieren-sie-es-nicht-laenger-die-potenziellen-gefahren-des-sekundaerrauchs-von-gebrauchtwaren-e-zigaretten-fuer-die-menschen-in-der-naehe#1_Die_Vulnerabilitat_von_Kindern_und_Kleinkindern\" title=\"1. Vulnerabilitatea copiilor \u0219i a sugarilor\">1. Vulnerabilitatea copiilor \u0219i a sugarilor<\/a><\/li><li class='ez-toc-page-1 ez-toc-heading-level-4'><a class=\"ez-toc-link ez-toc-heading-16\" href=\"https:\/\/www.elementvape.de\/ro\/ignorieren-sie-es-nicht-laenger-die-potenziellen-gefahren-des-sekundaerrauchs-von-gebrauchtwaren-e-zigaretten-fuer-die-menschen-in-der-naehe#2_Schwangerschaft_und_Fotus\" title=\"2. Sarcina \u0219i f\u0103tul\">2. Sarcina \u0219i f\u0103tul<\/a><\/li><\/ul><\/li><li class='ez-toc-page-1 ez-toc-heading-level-3'><a class=\"ez-toc-link ez-toc-heading-17\" href=\"https:\/\/www.elementvape.de\/ro\/ignorieren-sie-es-nicht-laenger-die-potenziellen-gefahren-des-sekundaerrauchs-von-gebrauchtwaren-e-zigaretten-fuer-die-menschen-in-der-naehe#V_Third-Hand-Vapor_Die_unterschatzte_Gefahr_der_Ruckstande\" title=\"V. Vapori de al treilea m\u00e2nec\u0103: Pericolul subestimat al reziduurilor\">V. Vapori de al treilea m\u00e2nec\u0103: Pericolul subestimat al reziduurilor<\/a><\/li><li class='ez-toc-page-1 ez-toc-heading-level-3'><a class=\"ez-toc-link ez-toc-heading-18\" href=\"https:\/\/www.elementvape.de\/ro\/ignorieren-sie-es-nicht-laenger-die-potenziellen-gefahren-des-sekundaerrauchs-von-gebrauchtwaren-e-zigaretten-fuer-die-menschen-in-der-naehe#VI_Haustiere_Die_vergessenen_Passivdampfer\" title=\"VI. Animale de companie: fum\u0103torii pasivi uita\u021bi\">VI. Animale de companie: fum\u0103torii pasivi uita\u021bi<\/a><\/li><li class='ez-toc-page-1 ez-toc-heading-level-3'><a class=\"ez-toc-link ez-toc-heading-19\" href=\"https:\/\/www.elementvape.de\/ro\/ignorieren-sie-es-nicht-laenger-die-potenziellen-gefahren-des-sekundaerrauchs-von-gebrauchtwaren-e-zigaretten-fuer-die-menschen-in-der-naehe#VII_Kontext_und_Einordnung_E-Zigarette_vs_Tabakzigarette\" title=\"VII. Context \u0219i \u00eencadrare: \u021aigar\u0103 electronic\u0103 vs. \u021aigar\u0103 de tutun\">VII. Context \u0219i \u00eencadrare: \u021aigar\u0103 electronic\u0103 vs. \u021aigar\u0103 de tutun<\/a><\/li><li class='ez-toc-page-1 ez-toc-heading-level-3'><a class=\"ez-toc-link ez-toc-heading-20\" href=\"https:\/\/www.elementvape.de\/ro\/ignorieren-sie-es-nicht-laenger-die-potenziellen-gefahren-des-sekundaerrauchs-von-gebrauchtwaren-e-zigaretten-fuer-die-menschen-in-der-naehe#VIII_Schlussfolgerungen_und_Handlungsempfehlungen\" title=\"VIII. Concluzii \u0219i recomand\u0103ri pentru ac\u021biune\">VIII. Concluzii \u0219i recomand\u0103ri pentru ac\u021biune<\/a><ul class='ez-toc-list-level-4' ><li class='ez-toc-heading-level-4'><a class=\"ez-toc-link ez-toc-heading-21\" href=\"https:\/\/www.elementvape.de\/ro\/ignorieren-sie-es-nicht-laenger-die-potenziellen-gefahren-des-sekundaerrauchs-von-gebrauchtwaren-e-zigaretten-fuer-die-menschen-in-der-naehe#Konkrete_Masnahmen_fur_den_Alltag\" title=\"M\u0103suri concrete pentru via\u021ba de zi cu zi\">M\u0103suri concrete pentru via\u021ba de zi cu zi<\/a><\/li><li class='ez-toc-page-1 ez-toc-heading-level-4'><a class=\"ez-toc-link ez-toc-heading-22\" href=\"https:\/\/www.elementvape.de\/ro\/ignorieren-sie-es-nicht-laenger-die-potenziellen-gefahren-des-sekundaerrauchs-von-gebrauchtwaren-e-zigaretten-fuer-die-menschen-in-der-naehe#Fazit_fur_die_Politik\" title=\"Concluzie pentru politic\u0103\">Concluzie pentru politic\u0103<\/a><\/li><\/ul><\/li><\/ul><\/li><\/ul><\/nav><\/div>\n<h2 class=\"wp-block-heading\"><span class=\"ez-toc-section\" id=\"Einleitung_Der_Mythos_vom_harmlosen_Wasserdampf\"><\/span>Introducere: Mitul aburului de ap\u0103 inofensiv<span class=\"ez-toc-section-end\"><\/span><\/h2>\n\n\n\n<p>\u00cen ultimii zece ani, peisajul stradal din ora\u0219e precum Bucure\u0219ti, Cluj-Napoca sau Timi\u0219oara s-a schimbat. Unde odinioar\u0103 plutea un fum albastru, \u00een\u021bep\u0103tor, de \u021big\u0103ri, ast\u0103zi adesea se simte miros de vanilie, c\u0103p\u0219uni sau ment\u0103 proasp\u0103t\u0103. \u021aigara electronic\u0103 \u0219i-a c\u00e2\u0219tigat popularitatea ca o alternativ\u0103 la fumat. \u00cens\u0103, pe m\u0103sur\u0103 ce se r\u0103sp\u00e2nde\u0219te, cre\u0219te \u0219i \u00eengrijorarea celor care nu folosesc direct dispozitivul: fum\u0103torii pasivi.<\/p>\n\n\n\n<p>Mult timp s-a p\u0103strat zvonul persistent c\u0103 emisia provine doar dintr-un \u201eabur de ap\u0103\u201d inofensiv. Aceast\u0103 presupunere a fost infirmat\u0103 \u0219tiin\u021bific \u0219i este \u00een\u0219el\u0103toare \u0219i periculoas\u0103. Ce iese din \u021bigara electronic\u0103 este un aerosol chimic \u2013 un amestec de cele mai fine particule de lichid \u0219i gaze. \u00cen timp ce \u0219tiin\u021ba confirm\u0103 c\u0103 acest aerosol este mult mai pu\u021bin toxic dec\u00e2t fumul unei \u021big\u0103ri din tutun ars, nu este deloc o substan\u021b\u0103 neutr\u0103 precum aerul proasp\u0103t de munte.<\/p>\n\n\n\n<p>\u00cen acest raport cuprinz\u0103tor, vom analiza \u00een profunzime compozi\u021bia molecular\u0103 a fumului pasiv. Vom examina substan\u021bele inhalate de ter\u021bi, modul \u00een care nicotina afecteaz\u0103 copiii \u0219i gravidele \u0219i de ce a\u0219a-numitul \u201eVaping de pe suprafe\u021be\u201d (reziduuri pe suprafe\u021be) reprezint\u0103 un risc subestimat. Acesta nu este un articol de opinie, ci o analiz\u0103 bazat\u0103 pe dovezi pentru to\u021bi cei care doresc s\u0103-\u0219i protejeze s\u0103n\u0103tatea \u0219i pe cea a celor din jur.<\/p>\n\n\n\n<hr class=\"wp-block-separator has-alpha-channel-opacity\"\/>\n\n\n\n<h3 class=\"wp-block-heading\"><span class=\"ez-toc-section\" id=\"I_Die_Anatomie_des_Aerosols_Was_atmen_Dritte_wirklich_ein\"><\/span>I. Anatomia aerosolului: Ce inhaleaz\u0103 cu adev\u0103rat ter\u021bii?<span class=\"ez-toc-section-end\"><\/span><\/h3>\n\n\n\n<p>Pentru a \u00een\u021belege riscurile, trebuie mai \u00eent\u00e2i s\u0103 corect\u0103m termenul de \u201efum secundar\u201d. \u021aig\u0103rile electronice nu ard tutun. Prin urmare, nu apare un \u201efum de pe margine\u201d (fumul care se ridic\u0103 de la v\u00e2rful unei \u021big\u0103ri aprinse). Contaminarea aerului din \u00eenc\u0103pere provine aproape exclusiv din <strong>fluxul principal<\/strong>, pe care \u00eel inhaleaz\u0103 \u0219i apoi \u00eel expir\u0103 utilizatorul.<\/p>\n\n\n\n<p>Dar ce r\u0103m\u00e2ne dup\u0103 inhalarea \u00een pl\u0103m\u00e2ni? Studiile arat\u0103 c\u0103 corpul uman absoarbe majoritatea substan\u021belor, dar o cantitate semnificativ\u0103 este eliberat\u0103 \u00een mediul \u00eenconjur\u0103tor.<\/p>\n\n\n\n<h4 class=\"wp-block-heading\"><span class=\"ez-toc-section\" id=\"1_Die_Tragersubstanzen_Propylenglykol_PG_und_Glycerin_VG\"><\/span>1. Substan\u021bele purt\u0103toare: Propilenglicol (PG) \u0219i Glicerol (VG)<span class=\"ez-toc-section-end\"><\/span><\/h4>\n\n\n\n<p>Aceste dou\u0103 substan\u021be formeaz\u0103 peste 90% din baza fiec\u0103rui lichid pentru \u021bigara electronic\u0103.<\/p>\n\n\n\n<ul>\n<li><strong>Propilenglicol (PG):<\/strong> Un material sintetic, folosit \u0219i \u00een instala\u021biile de cea\u021b\u0103 din discoteci. Este cunoscut pentru capacitatea de a lega aromele \u0219i de a produce efectul de \u201earsur\u0103 \u00een g\u00e2t\u201d.<\/li>\n\n\n\n<li><strong>Glicerina vegetal\u0103 (VG):<\/strong> O substan\u021b\u0103 v\u00e2scoas\u0103, responsabil\u0103 pentru norii densi, albi.<\/li>\n\n\n\n<li><strong>Riscul pentru ter\u021bi:<\/strong> \u00cen aerul din \u00eenc\u0103pere, aceste substan\u021be au un efect higroscopic, adic\u0103 absorb umiditatea. Pentru fum\u0103torii pasivi, acest lucru poate duce la ochi usca\u021bi, irita\u021bii ale mucoasei nazale \u0219i senza\u021bie de usc\u0103ciune \u00een g\u00e2t. De\u0219i sunt aprobate ca aditivi alimentari (E1520 \u0219i E422), efectele inhalatorii pe termen lung asupra ter\u021bilor nu sunt \u00eenc\u0103 pe deplin studiate.<\/li>\n<\/ul>\n\n\n\n<h4 class=\"wp-block-heading\"><span class=\"ez-toc-section\" id=\"2_Nikotin_Der_unsichtbare_Wirkstoff\"><\/span>2. Nicotina: Substan\u021ba activ\u0103 invizibil\u0103<span class=\"ez-toc-section-end\"><\/span><\/h4>\n\n\n\n<p>De asemenea, lichidele cu nicotin\u0103 elibereaz\u0103 nicotin\u0103 \u00een aerul din \u00eenc\u0103pere. De\u0219i inhalatorul absoarbe p\u00e2n\u0103 la 95% din nicotin\u0103, restul de 5% ajunge \u00een aerosol.<\/p>\n\n\n\n<ul>\n<li><strong>Concentra\u021bie:<\/strong> Concentra\u021bia de nicotin\u0103 din aerul din \u00eenc\u0103pere este mult mai mic\u0103 la \u021big\u0103rile electronice dec\u00e2t la \u021big\u0103rile din tutun (de multe ori mai pu\u021bin de o zecime).<\/li>\n\n\n\n<li><strong>Absorb\u021bie:<\/strong> Cu toate acestea, studiile cu biomarkeri arat\u0103 c\u0103 persoanele aflate \u00eentr-o \u00eenc\u0103pere puternic vaporizat\u0103 prezint\u0103 valori crescute de cotinin\u0103 (un produs de descompunere al nicotinei) \u00een s\u00e2nge. A\u0219adar, sunt expuse pasiv la nicotin\u0103.<\/li>\n<\/ul>\n\n\n\n<h4 class=\"wp-block-heading\"><span class=\"ez-toc-section\" id=\"3_Aldehyde_und_Fluchtige_Organische_Verbindungen_VOCs\"><\/span>3. Aldehide \u0219i Compu\u0219i Organici Volatili (COV)<span class=\"ez-toc-section-end\"><\/span><\/h4>\n\n\n\n<p>Aici devine chimic complex. C\u00e2nd lichidul este \u00eenc\u0103lzit, pot ap\u0103rea produse de descompunere termic\u0103.<\/p>\n\n\n\n<ul>\n<li><strong>Formaldehid\u0103, Acetaldehid\u0103 \u0219i Acrolein\u0103:<\/strong> Ace\u0219ti compu\u0219i sunt poten\u021bial cancerigeni sau iritan\u021bi. Se formeaz\u0103 \u00een principal atunci c\u00e2nd atomizatorul este supra\u00eenc\u0103lzit (a\u0219a-numitul \u201eDry Hit\u201d).<\/li>\n\n\n\n<li><strong>Vestea bun\u0103:<\/strong> La dispozitivele moderne cu control al temperaturii \u0219i flux adecvat de lichid, formarea acestor substan\u021be este minimizat\u0103. Expunerea pentru ter\u021bi este de obicei sub limitele recomandate de OMS pentru aerul interior.<\/li>\n\n\n\n<li><strong>Vestea proast\u0103:<\/strong> Dispozitivele ieftine de unic\u0103 folosin\u021b\u0103 sau utilizarea necorespunz\u0103toare pot cre\u0219te valorile, ceea ce reprezint\u0103 o \u00eenc\u0103rcare inutil\u0103 pentru aerul din \u00eenc\u0103pere.<\/li>\n<\/ul>\n\n\n\n<h4 class=\"wp-block-heading\"><span class=\"ez-toc-section\" id=\"4_Schwermetalle_und_Nanopartikel\"><\/span>4. Metale grele \u0219i nanoparticule<span class=\"ez-toc-section-end\"><\/span><\/h4>\n\n\n\n<p>Aerosolul con\u021bine particule ultrafine, care pot p\u0103trunde ad\u00e2nc \u00een pl\u0103m\u00e2ni (capabile de alveolare). De asemenea, pot elibera particule microscopice de metal din spirala de \u00eenc\u0103lzire (Coil).<\/p>\n\n\n\n<ul>\n<li><strong>Metale:<\/strong> Au fost detectate urme de nichel, crom, plumb \u0219i mangan.<\/li>\n\n\n\n<li><strong>Evaluarea riscurilor:<\/strong> Aceste metale sunt toxice. Cu toate acestea, doza din vapori pasivi este extrem de mic\u0103 \u2013 adesea de sute de ori mai mic\u0103 dec\u00e2t \u00een cazul fumului de tutun. O intoxica\u021bie acut\u0103 cu metale grele prin inhalare pasiv\u0103 este extrem de improbabil\u0103, dar acumularea cronic\u0103 pe parcursul anilor reprezint\u0103 un risc teoretic care trebuie evitat.<\/li>\n<\/ul>\n\n\n\n<hr class=\"wp-block-separator has-alpha-channel-opacity\"\/>\n\n\n\n<h3 class=\"wp-block-heading\"><span class=\"ez-toc-section\" id=\"II_Direkte_Auswirkungen_auf_die_Atemwege_und_Lunge\"><\/span>II. Impacturi directe asupra c\u0103ilor respiratorii \u0219i pl\u0103m\u00e2nilor<span class=\"ez-toc-section-end\"><\/span><\/h3>\n\n\n\n<p>Pl\u0103m\u00e2nul este un organ sensibil, conceput pentru schimbul de gaze de oxigen \u0219i dioxid de carbon \u2013 nu pentru aerosoli chimici.<\/p>\n\n\n\n<h4 class=\"wp-block-heading\"><span class=\"ez-toc-section\" id=\"1_Akute_Irritationen_und_Entzundungsreaktionen\"><\/span>1. Irita\u021bii acute \u0219i reac\u021bii inflamatorii<span class=\"ez-toc-section-end\"><\/span><\/h4>\n\n\n\n<p>Persoanele care nu vaporizaz\u0103, expuse la vapori pasivi, raporteaz\u0103 frecvent disconforturi subiective. Acestea nu sunt imaginare, ci explicabile fiziologic. Pic\u0103turile fine de propilen glicol \u0219i arome se depun pe mucoase.<\/p>\n\n\n\n<ul>\n<li><strong>Simptome:<\/strong> Irita\u021bie de tuse, dificult\u0103\u021bi de respira\u021bie la efort, mucus.<\/li>\n\n\n\n<li><strong>Mecanism:<\/strong> Aromele chimice (de exemplu, aldehida de scor\u021bi\u0219oar\u0103, vanilina sau mentol) pot activa markerii inflamatori la nivel celular, chiar dac\u0103 sunt inhalate pasiv.<\/li>\n<\/ul>\n\n\n\n<h4 class=\"wp-block-heading\"><span class=\"ez-toc-section\" id=\"2_Risiko_fur_Asthmatiker_und_COPD-Patienten\"><\/span>2. Riscul pentru astmatici \u0219i pacien\u021bii cu BPOC<span class=\"ez-toc-section-end\"><\/span><\/h4>\n\n\n\n<p>Pentru persoanele cu sistem bron\u0219ic hiperreactiv (astm), aburul pasiv reprezint\u0103 o problem\u0103 semnificativ\u0103.<\/p>\n\n\n\n<ul>\n<li><strong>Efectul declan\u0219ator:<\/strong> Aerosolul poate ac\u021biona ca un iritant, care poate provoca un atac de astm. Particulele din vapori pot \u00eengusta bronhiile.<\/li>\n\n\n\n<li><strong>Studiu:<\/strong> Investiga\u021biile la adolescen\u021bi arat\u0103 o corela\u021bie \u00eentre expunerea la vapori de \u021bigar\u0103 electronic\u0103 \u0219i agravarea simptomelor de astm. Pentru acest grup, este obligatorie o libertate total\u0103 de vapori \u00een mediul \u00eenconjur\u0103tor.<\/li>\n<\/ul>\n\n\n\n<h4 class=\"wp-block-heading\"><span class=\"ez-toc-section\" id=\"3_Infektionsanfalligkeit\"><\/span>3. Vulnerabilitate la infec\u021bii<span class=\"ez-toc-section-end\"><\/span><\/h4>\n\n\n\n<p>Exist\u0103 indicii c\u0103 anumite ingrediente din vapori pot afecta func\u021bia ciliilor din bronhii (de\u0219i mai pu\u021bin sever dec\u00e2t fumul de tutun). Acest lucru ar putea, teoretic, duce la o eliminare mai slab\u0103 a viru\u0219ilor \u0219i bacteriilor din pl\u0103m\u00e2ni, cresc\u00e2nd u\u0219or riscul de r\u0103celi sau infec\u021bii respiratorii la persoanele expuse pasiv.<\/p>\n\n\n\n<hr class=\"wp-block-separator has-alpha-channel-opacity\"\/>\n\n\n\n<h3 class=\"wp-block-heading\"><span class=\"ez-toc-section\" id=\"III_Potenzielle_Risiken_fur_das_kardiovaskulare_System\"><\/span>III. Riscuri poten\u021biale pentru sistemul cardiovascular<span class=\"ez-toc-section-end\"><\/span><\/h3>\n\n\n\n<p>Mult timp s-a crezut c\u0103 nicotina d\u0103uneaz\u0103 \u201edoar\u201d inimii consumatorului. Dar \u0219i absorb\u021bia pasiv\u0103 are consecin\u021be sistemice.<\/p>\n\n\n\n<h4 class=\"wp-block-heading\"><span class=\"ez-toc-section\" id=\"1_Nikotinaufnahme_und_hamodynamische_Effekte\"><\/span>1. Absorb\u021bia de nicotin\u0103 \u0219i efectele hemodinamice<span class=\"ez-toc-section-end\"><\/span><\/h4>\n\n\n\n<p>Dup\u0103 cum s-a men\u021bionat anterior, nicotina ajunge \u00een circula\u021bia sanguin\u0103 prin pl\u0103m\u00e2ni \u0219i chiar prin piele, la persoanele care inhaleaz\u0103 vapori pasivi.<\/p>\n\n\n\n<ul>\n<li><strong>Activarea sistemului nervos simpatic:<\/strong> Nicotina activeaz\u0103 sistemul nervos simpatic, partea sistemului nervos responsabil\u0103 de performan\u021b\u0103 \u0219i stres.<\/li>\n\n\n\n<li><strong>Consecin\u021be:<\/strong> Chiar \u0219i doze mici pot duce la o cre\u0219tere u\u0219oar\u0103 a ritmului cardiac \u0219i a tensiunii arteriale la persoanele sensibile. Pentru o persoan\u0103 s\u0103n\u0103toas\u0103, acest lucru este de obicei nesemnificativ (similar cu efectul pasiv al mirosului de cafea, de\u0219i chimic diferit). Pentru pacien\u021bii cu angin\u0103 pectoral\u0103 sever\u0103 sau tulbur\u0103ri de ritm cardiac, orice efort inutil trebuie evitat.<\/li>\n<\/ul>\n\n\n\n<h4 class=\"wp-block-heading\"><span class=\"ez-toc-section\" id=\"2_Oxidativer_Stress_und_Endothelfunktion\"><\/span>2. Stres oxidativ \u0219i func\u021bia endotelial\u0103<span class=\"ez-toc-section-end\"><\/span><\/h4>\n\n\n\n<p>Cercet\u0103rile recente se concentreaz\u0103 pe stresul oxidativ. Radicalii liberi din aerosoli (ca urmare a aromelor \u0219i \u00eenc\u0103lzirii) pot ajunge \u00een circula\u021bia sanguin\u0103.<\/p>\n\n\n\n<ul>\n<li><strong>Rigiditatea arterelor:<\/strong> Stresul oxidativ poate afecta celulele endoteliale (care c\u0103ptu\u0219esc interiorul vaselor de s\u00e2nge). Disfunc\u021bia acestor celule este primul pas c\u0103tre arterioscleroz\u0103 (\u00eent\u0103rirea vaselor).<\/li>\n\n\n\n<li><strong>Comparatie:<\/strong> Impactul fumului pasiv este, conform datelor actuale, semnificativ mai redus dec\u00e2t cel al fumului activ, deoarece monoxidul de carbon extrem de toxic \u0219i stresul oxidativ cauzat de particulele de ardere lipsesc. Cu toate acestea, efectul este detectabil (\u201cRisc Non-Zero\u201d).<\/li>\n<\/ul>\n\n\n\n<hr class=\"wp-block-separator has-alpha-channel-opacity\"\/>\n\n\n\n<h3 class=\"wp-block-heading\"><span class=\"ez-toc-section\" id=\"IV_Besondere_Risikogruppen_Warum_Kinder_und_Schwangere_tabu_sind\"><\/span>IV. Grupuri de risc speciale: De ce sunt tabu copiii \u0219i femeile \u00eens\u0103rcinate<span class=\"ez-toc-section-end\"><\/span><\/h3>\n\n\n\n<p>Etica \u0219i \u0219tiin\u021ba sunt de acord aici: Grupurile vulnerabile nu trebuie s\u0103 fie expuse deloc. Diferen\u021bele fiziologice fa\u021b\u0103 de adul\u021bii s\u0103n\u0103to\u0219i sunt semnificative.<\/p>\n\n\n\n<h4 class=\"wp-block-heading\"><span class=\"ez-toc-section\" id=\"1_Die_Vulnerabilitat_von_Kindern_und_Kleinkindern\"><\/span>1. Vulnerabilitatea copiilor \u0219i a sugarilor<span class=\"ez-toc-section-end\"><\/span><\/h4>\n\n\n\n<p>Copiii nu sunt adul\u021bi mici. Rata lor metabolic\u0103 este mai mare, respir\u0103 mai repede (\u0219i, prin urmare, absorb mai mult\u0103 substan\u021b\u0103 nociv\u0103 relativ) \u0219i organele lor sunt \u00een cre\u0219tere.<\/p>\n\n\n\n<ul>\n<li><strong>Neurotoxicitatea nicotinei:<\/strong> Creierul uman se dezvolt\u0103 p\u00e2n\u0103 aproximativ la v\u00e2rsta de 25 de ani. Nicotina este o neurotoxin\u0103 care poate interveni \u00een dezvoltarea sinapselor. Studiile pe animale sugereaz\u0103 c\u0103 expunerea \u00een primii ani poate duce la deficit de aten\u021bie (simptome asem\u0103n\u0103toare ADHD) \u0219i o susceptibilitate crescut\u0103 la dependen\u021b\u0103 mai t\u00e2rziu \u00een via\u021b\u0103.<\/li>\n\n\n\n<li><strong>Dezvoltarea pl\u0103m\u00e2nilor:<\/strong> Alveolele (pneumocitele) continu\u0103 s\u0103 se dezvolte \u00een copil\u0103rie. Particulele ultrafine \u0219i iritan\u021bii pot perturba aceast\u0103 cre\u0219tere \u0219i pot afecta permanent func\u021bia pulmonar\u0103.<\/li>\n\n\n\n<li><strong>Pericol de intoxica\u021bie (lichid):<\/strong> Un aspect adesea neobservat al \u201criscului pasiv\u201d nu este aburul, ci produsul \u00een sine. Sticlele colorate \u0219i mirositoare de lichid sunt atractive pentru copiii mici. \u00cenghi\u021birea lichidului con\u021bin\u00e2nd nicotine este extrem de periculoas\u0103 (toxicit\u0103\u021bi ridicate la ingestie oral\u0103).<\/li>\n<\/ul>\n\n\n\n<h4 class=\"wp-block-heading\"><span class=\"ez-toc-section\" id=\"2_Schwangerschaft_und_Fotus\"><\/span>2. Sarcina \u0219i f\u0103tul<span class=\"ez-toc-section-end\"><\/span><\/h4>\n\n\n\n<p>Placenta nu este o barier\u0103 pentru nicotin\u0103. Dac\u0103 o femeie \u00eens\u0103rcinat\u0103 inhaleaz\u0103 pasiv vapori (sau se afl\u0103 \u00een camere cu fum intens), f\u0103tul inhaleaz\u0103 de asemenea.<\/p>\n\n\n\n<ul>\n<li><strong>Tulbur\u0103ri de circula\u021bie:<\/strong> Nicotina \u00eengusteaz\u0103 vasele de s\u00e2nge din placent\u0103 \u0219i cordonul ombilical. Acest lucru poate duce la o subnutri\u021bie a f\u0103tului cu oxigen \u0219i nutrien\u021bi.<\/li>\n\n\n\n<li><strong>Consecin\u021be:<\/strong> Riscul pentru greutate mic\u0103 la na\u0219tere, na\u0219teri premature \u0219i moarte subit\u0103 a sugarului (SIDS) cre\u0219te.<\/li>\n\n\n\n<li><strong>Dezvoltarea pl\u0103m\u00e2nilor:<\/strong> Nicotina interac\u021bioneaz\u0103 cu receptorii din pl\u0103m\u00e2nii fetali \u0219i poate perturba maturizarea acestora, f\u0103c\u00e2nd copilul mai susceptibil la astm mai t\u00e2rziu \u00een via\u021b\u0103.<\/li>\n\n\n\n<li><strong>Concluzie:<\/strong> Pentru femeile \u00eens\u0103rcinate se aplic\u0103 o politic\u0103 de toleran\u021b\u0103 zero fa\u021b\u0103 de aburii pasivi \u0219i fumul pasiv.<\/li>\n<\/ul>\n\n\n\n<hr class=\"wp-block-separator has-alpha-channel-opacity\"\/>\n\n\n\n<h3 class=\"wp-block-heading\"><span class=\"ez-toc-section\" id=\"V_Third-Hand-Vapor_Die_unterschatzte_Gefahr_der_Ruckstande\"><\/span>V. Vapori de al treilea m\u00e2nec\u0103: Pericolul subestimat al reziduurilor<span class=\"ez-toc-section-end\"><\/span><\/h3>\n\n\n\n<p>Cunoa\u0219tem \u201cFumul de a doua m\u00e2n\u0103\u201d (fumat pasiv). Dar ce este \u201cAl treilea m\u00e2nec\u0103\u201d? Aceasta se refer\u0103 la reziduuri care se depun pe suprafe\u021be dup\u0103 ce aburul s-a dispersat.<\/p>\n\n\n\n<ul>\n<li><strong>Film lipicios:<\/strong> PG \u0219i VG se depun ca un film fin pe ferestre, mese, juc\u0103rii \u0219i haine. \u00cen acest film sunt legate nicotina \u0219i al\u021bi poluan\u021bi.<\/li>\n\n\n\n<li><strong>Re-Emisie:<\/strong> Nicotina de pe suprafe\u021be poate reac\u021biona cu al\u021bi compu\u0219i din aer (de exemplu, acidul azotos) \u0219i poate forma compu\u0219i cancerigeni. <strong>Nitrozamine specifice tutunului (TSNAs)<\/strong> se formeaz\u0103.<\/li>\n\n\n\n<li><strong>Pericol pentru copiii mici:<\/strong> Copiii mici care se t\u00e2r\u0103sc pe podea \u0219i pun obiecte \u00een gur\u0103 absorb ace\u0219ti poluan\u021bi prin piele \u0219i oral.<\/li>\n\n\n\n<li><strong>Importan\u021b\u0103:<\/strong> Aceasta subliniaz\u0103 de ce chiar \u0219i fumatul \u201ccu fereastra deschis\u0103\u201d sau \u201cc\u00e2nd copilul nu este \u00een camer\u0103\u201d poate fi problematic, dac\u0103 reziduurile se acumuleaz\u0103 permanent \u00een locuin\u021b\u0103 (mochete, perdele).<\/li>\n<\/ul>\n\n\n\n<hr class=\"wp-block-separator has-alpha-channel-opacity\"\/>\n\n\n\n<h3 class=\"wp-block-heading\"><span class=\"ez-toc-section\" id=\"VI_Haustiere_Die_vergessenen_Passivdampfer\"><\/span>VI. Animale de companie: fum\u0103torii pasivi uita\u021bi<span class=\"ez-toc-section-end\"><\/span><\/h3>\n\n\n\n<p>Un aspect adesea neglijat \u00een discu\u021biile despre s\u0103n\u0103tate sunt animalele noastre de companie.<\/p>\n\n\n\n<ul>\n<li><strong>Pisici:<\/strong> Pisicile reac\u021bioneaz\u0103 extrem de sensibil la <strong>Propilenglicol<\/strong>. La pisici, inhalarea sau ingestia de PG poate duce la anemie Heinz-K\u00f6rper (anemie hemolitic\u0103).<\/li>\n\n\n\n<li><strong>C\u00e2ini:<\/strong> C\u00e2inii au nasuri \u0219i c\u0103i respiratorii sensibile. Nicotina este extrem de toxic\u0103 pentru c\u00e2ini \u0219i pisici. \u00cen timp ce aburii pasivi sunt rar letali, reziduurile aerosoli din blan\u0103, pe care animalul le linge \u00een timpul cur\u0103\u021beniei, pot duce la simptome de intoxica\u021bie.<\/li>\n<\/ul>\n\n\n\n<hr class=\"wp-block-separator has-alpha-channel-opacity\"\/>\n\n\n\n<h3 class=\"wp-block-heading\"><span class=\"ez-toc-section\" id=\"VII_Kontext_und_Einordnung_E-Zigarette_vs_Tabakzigarette\"><\/span>VII. Context \u0219i \u00eencadrare: \u021aigar\u0103 electronic\u0103 vs. \u021aigar\u0103 de tutun<span class=\"ez-toc-section-end\"><\/span><\/h3>\n\n\n\n<p>Dup\u0103 toate aceste riscuri, este important s\u0103 p\u0103str\u0103m contextul pentru a nu crea panic\u0103 fals\u0103.<\/p>\n\n\n\n<p>Pozi\u021bia \u0219tiin\u021bific\u0103 a unor institu\u021bii precum <em>\u00cen 2023,<\/em> sau a <em>Centrul Rom\u00e2n de Cercetare \u00een Domeniul Cancerului<\/em> este diferen\u021biat\u0103:<\/p>\n\n\n\n<ol start=\"1\">\n<li><strong>Fumatul pasiv (tutun)<\/strong> este mortal \u0219i con\u021bine mii de substan\u021be toxice, gudron \u0219i monoxid de carbon \u00een concentra\u021bii mari.<\/li>\n\n\n\n<li><strong>Aburul pasiv (\u021bigar\u0103 electronic\u0103)<\/strong> con\u021bine mult mai pu\u021bine substan\u021be nocive. \u00cenc\u0103rcarea pentru ter\u021bi este mult mai redus\u0103.<\/li>\n<\/ol>\n\n\n\n<p><strong>Asta \u00eenseamn\u0103:<\/strong> C\u00e2nd un fum\u0103tor trece de la \u021bigara tradi\u021bional\u0103 la \u021bigar\u0103 electronic\u0103 \u00een locuin\u021b\u0103, calitatea aerului pentru colegii de apartament se \u00eembun\u0103t\u0103\u021be\u0219te considerabil fa\u021b\u0103 de fumatul anterior. Dar: \u00cen compara\u021bie cu o gospod\u0103rie nefum\u0103toare, calitatea aerului este mai slab\u0103.<\/p>\n\n\n\n<p><strong>Se aplic\u0103 formula:<\/strong> <em>Fumatul pasiv &gt; Aburul pasiv &gt; Aer proasp\u0103t.<\/em><\/p>\n\n\n\n<hr class=\"wp-block-separator has-alpha-channel-opacity\"\/>\n\n\n\n<h3 class=\"wp-block-heading\"><span class=\"ez-toc-section\" id=\"VIII_Schlussfolgerungen_und_Handlungsempfehlungen\"><\/span>VIII. Concluzii \u0219i recomand\u0103ri pentru ac\u021biune<span class=\"ez-toc-section-end\"><\/span><\/h3>\n\n\n\n<p>\u021aigara electronic\u0103 este o tehnologie de reducere a daunelor pentru fum\u0103tori, dar nu un produs de stil de via\u021b\u0103 f\u0103r\u0103 riscuri pentru ter\u021bi. Inhalarea aerosolului de \u021bigar\u0103 electronic\u0103 prezint\u0103 riscuri poten\u021biale pentru c\u0103ile respiratorii, sistemul cardiovascular \u0219i dezvoltarea copiilor.<\/p>\n\n\n\n<h4 class=\"wp-block-heading\"><span class=\"ez-toc-section\" id=\"Konkrete_Masnahmen_fur_den_Alltag\"><\/span>M\u0103suri concrete pentru via\u021ba de zi cu zi<span class=\"ez-toc-section-end\"><\/span><\/h4>\n\n\n\n<p>Pentru a proteja s\u0103n\u0103tatea proprie \u0219i a celor din jur, ar trebui stabilite urm\u0103toarele linii directoare:<\/p>\n\n\n\n<ol start=\"1\">\n<li><strong>Regula \u201eAfar\u0103\u201d:<\/strong> Tratati \u021bigara electronic\u0103 \u00een prezen\u021ba nefum\u0103torilor, copiilor \u0219i femeilor \u00eens\u0103rcinate la fel ca \u021big\u0103rile de tutun. Fuma\u021bi afar\u0103.<\/li>\n\n\n\n<li><strong>Gestionarea ventilatiei:<\/strong> C\u00e2nd se fumeaz\u0103 \u00een interior, asigura\u021bi o ventila\u021bie adecvat\u0103. Aerosolii nu se men\u021bin at\u00e2t de mult \u00een aer (spre deosebire de fum), dar trebuie evitat\u0103 acumularea acestora.<\/li>\n\n\n\n<li><strong>Interdic\u021bie de a fuma \u00een ma\u0219in\u0103:<\/strong> Fumatul \u00een ma\u0219in\u0103 trebuie s\u0103 fie interzis, mai ales c\u00e2nd sunt pasageri. Volumul redus de aer duce la concentra\u021bii extrem de ridicate de particule fine \u0219i nicotin\u0103.<\/li>\n\n\n\n<li><strong>Cur\u0103\u021benie:<\/strong> \u0218terge\u021bi regulat suprafe\u021bele \u00een gospod\u0103riile \u00een care se fumeaz\u0103 pentru a elimina reziduurile de \u201eThird-Hand\u201d.<\/li>\n\n\n\n<li><strong>Etichet\u0103 social\u0103:<\/strong> \u00centreba\u021bi \u00eenainte de a fuma. Mul\u021bi oameni se simt deranja\u021bi de norii mari de vapori, chiar dac\u0103 nu \u201emiros r\u0103u\u201d.<\/li>\n<\/ol>\n\n\n\n<h4 class=\"wp-block-heading\"><span class=\"ez-toc-section\" id=\"Fazit_fur_die_Politik\"><\/span>Concluzie pentru politic\u0103<span class=\"ez-toc-section-end\"><\/span><\/h4>\n\n\n\n<p>Con\u0219tientizarea publicului trebuie s\u0103 fie crescut\u0103. Mesajul nu trebuie s\u0103 fie \u201e\u021aig\u0103rile electronice sunt inofensive\u201d, ci \u201e\u021aig\u0103rile electronice sunt mai pu\u021bin d\u0103un\u0103toare dec\u00e2t tutunul, dar nu trebuie s\u0103 ajung\u0103 \u00een pl\u0103m\u00e2nii copiilor sau nefum\u0103torilor\u201d. Extinderea legisla\u021biei anti-fumat pentru \u021big\u0103rile electronice \u00een spa\u021biile publice \u00eenchise, \u0219coli \u0219i mijloace de transport este o consecin\u021b\u0103 logic\u0103 \u0219i necesar\u0103 din perspectiva protec\u021biei preventive a s\u0103n\u0103t\u0103\u021bii.<\/p>\n\n\n\n<p>Numai prin respect, informare \u0219i pruden\u021b\u0103 \u0219tiin\u021bific fundamentat\u0103 putem beneficia de avantajele \u021big\u0103rilor electronice pentru fum\u0103tori, f\u0103r\u0103 a pune \u00een pericol s\u0103n\u0103tatea celor neimplica\u021bi.<\/p>","protected":false},"excerpt":{"rendered":"<p>Introducere: Mitul aburului de ap\u0103 inofensiv \u00cen ultimii zece ani, peisajul stradal din ora\u0219e precum Berlin, Madrid sau Londra s-a schimbat. Unde odinioar\u0103 \u00een aer plutea fumul albastru \u0219i ustur\u0103tor al \u021bigaretelor de tutun, ast\u0103zi adesea se simte miros de vanilie, c\u0103p\u0219uni sau ment\u0103 proasp\u0103t\u0103. \u021aigara electronic\u0103 \u0219i-a c\u00e2\u0219tigat drumul ca o alternativ\u0103 popular\u0103 la fumat [\u2026]<\/p>","protected":false},"author":3,"featured_media":15570,"comment_status":"open","ping_status":"open","sticky":false,"template":"","format":"standard","meta":{"inline_featured_image":false,"footnotes":""},"categories":[662,663,685],"tags":[669,658],"yoast_head":"<!-- This site is optimized with the Yoast SEO plugin v23.3 - https:\/\/yoast.com\/wordpress\/plugins\/seo\/ -->\n<title>Passivdampf E-Zigarette: Sch\u00e4dlich f\u00fcr Kinder &amp; Dritte?<\/title>\n<meta name=\"description\" content=\"Ist E-Zigaretten-Dampf gef\u00e4hrlich? Analyse der Risiken f\u00fcr Kinder, Schwangere &amp; Haustiere. Fakten zu Nikotin im Aerosol und &quot;Third-Hand-Vapor&quot; im Detail.\" \/>\n<meta name=\"robots\" content=\"index, follow, max-snippet:-1, max-image-preview:large, max-video-preview:-1\" \/>\n<link rel=\"canonical\" href=\"https:\/\/www.elementvape.de\/ro\/ignorieren-sie-es-nicht-laenger-die-potenziellen-gefahren-des-sekundaerrauchs-von-gebrauchtwaren-e-zigaretten-fuer-die-menschen-in-der-naehe\/\" \/>\n<meta property=\"og:locale\" content=\"ro_RO\" \/>\n<meta property=\"og:type\" content=\"article\" \/>\n<meta property=\"og:title\" content=\"Passivdampf E-Zigarette: Sch\u00e4dlich f\u00fcr Kinder &amp; Dritte?\" \/>\n<meta property=\"og:description\" content=\"Ist E-Zigaretten-Dampf gef\u00e4hrlich? Analyse der Risiken f\u00fcr Kinder, Schwangere &amp; Haustiere. Fakten zu Nikotin im Aerosol und &quot;Third-Hand-Vapor&quot; im Detail.\" \/>\n<meta property=\"og:url\" content=\"https:\/\/www.elementvape.de\/ro\/ignorieren-sie-es-nicht-laenger-die-potenziellen-gefahren-des-sekundaerrauchs-von-gebrauchtwaren-e-zigaretten-fuer-die-menschen-in-der-naehe\/\" \/>\n<meta property=\"og:site_name\" content=\"ElementVape.de\" \/>\n<meta property=\"article:published_time\" content=\"2025-12-05T09:53:22+00:00\" \/>\n<meta property=\"article:modified_time\" content=\"2025-12-05T09:54:43+00:00\" \/>\n<meta property=\"og:image\" content=\"https:\/\/www.elementvape.de\/wp-content\/uploads\/2025\/01\/34.jpg\" \/>\n\t<meta property=\"og:image:width\" content=\"960\" \/>\n\t<meta property=\"og:image:height\" content=\"540\" \/>\n\t<meta property=\"og:image:type\" content=\"image\/jpeg\" \/>\n<meta name=\"author\" content=\"Danny\" \/>\n<meta name=\"twitter:card\" content=\"summary_large_image\" \/>\n<meta name=\"twitter:label1\" content=\"Written by\" \/>\n\t<meta name=\"twitter:data1\" content=\"Danny\" \/>\n\t<meta name=\"twitter:label2\" content=\"Est. reading time\" \/>\n\t<meta name=\"twitter:data2\" content=\"11 minute\" \/>\n<script type=\"application\/ld+json\" class=\"yoast-schema-graph\">{\"@context\":\"https:\/\/schema.org\",\"@graph\":[{\"@type\":\"Article\",\"@id\":\"https:\/\/www.elementvape.de\/ignorieren-sie-es-nicht-laenger-die-potenziellen-gefahren-des-sekundaerrauchs-von-gebrauchtwaren-e-zigaretten-fuer-die-menschen-in-der-naehe\/#article\",\"isPartOf\":{\"@id\":\"https:\/\/www.elementvape.de\/ignorieren-sie-es-nicht-laenger-die-potenziellen-gefahren-des-sekundaerrauchs-von-gebrauchtwaren-e-zigaretten-fuer-die-menschen-in-der-naehe\/\"},\"author\":{\"name\":\"Danny\",\"@id\":\"https:\/\/www.elementvape.de\/#\/schema\/person\/e68258b1c1ead198a9cb2ca7c8a8c760\"},\"headline\":\"Ignorieren Sie es nicht l\u00e4nger! Die potenziellen Gefahren des Sekund\u00e4rrauchs von Gebrauchtwaren-E-Zigaretten f\u00fcr die Menschen in der N\u00e4he\",\"datePublished\":\"2025-12-05T09:53:22+00:00\",\"dateModified\":\"2025-12-05T09:54:43+00:00\",\"mainEntityOfPage\":{\"@id\":\"https:\/\/www.elementvape.de\/ignorieren-sie-es-nicht-laenger-die-potenziellen-gefahren-des-sekundaerrauchs-von-gebrauchtwaren-e-zigaretten-fuer-die-menschen-in-der-naehe\/\"},\"wordCount\":2106,\"commentCount\":0,\"publisher\":{\"@id\":\"https:\/\/www.elementvape.de\/#organization\"},\"image\":{\"@id\":\"https:\/\/www.elementvape.de\/ignorieren-sie-es-nicht-laenger-die-potenziellen-gefahren-des-sekundaerrauchs-von-gebrauchtwaren-e-zigaretten-fuer-die-menschen-in-der-naehe\/#primaryimage\"},\"thumbnailUrl\":\"https:\/\/www.elementvape.de\/wp-content\/uploads\/2025\/01\/34.jpg\",\"keywords\":[\"Gesundheit\",\"Lebensstil\"],\"articleSection\":[\"ausf\u00fchrlich\",\"Erfahrungen teilen\",\"Internationale Lage\"],\"inLanguage\":\"ro-RO\",\"potentialAction\":[{\"@type\":\"CommentAction\",\"name\":\"Comment\",\"target\":[\"https:\/\/www.elementvape.de\/ignorieren-sie-es-nicht-laenger-die-potenziellen-gefahren-des-sekundaerrauchs-von-gebrauchtwaren-e-zigaretten-fuer-die-menschen-in-der-naehe\/#respond\"]}]},{\"@type\":\"WebPage\",\"@id\":\"https:\/\/www.elementvape.de\/ignorieren-sie-es-nicht-laenger-die-potenziellen-gefahren-des-sekundaerrauchs-von-gebrauchtwaren-e-zigaretten-fuer-die-menschen-in-der-naehe\/\",\"url\":\"https:\/\/www.elementvape.de\/ignorieren-sie-es-nicht-laenger-die-potenziellen-gefahren-des-sekundaerrauchs-von-gebrauchtwaren-e-zigaretten-fuer-die-menschen-in-der-naehe\/\",\"name\":\"Passivdampf E-Zigarette: Sch\u00e4dlich f\u00fcr Kinder & Dritte?\",\"isPartOf\":{\"@id\":\"https:\/\/www.elementvape.de\/#website\"},\"primaryImageOfPage\":{\"@id\":\"https:\/\/www.elementvape.de\/ignorieren-sie-es-nicht-laenger-die-potenziellen-gefahren-des-sekundaerrauchs-von-gebrauchtwaren-e-zigaretten-fuer-die-menschen-in-der-naehe\/#primaryimage\"},\"image\":{\"@id\":\"https:\/\/www.elementvape.de\/ignorieren-sie-es-nicht-laenger-die-potenziellen-gefahren-des-sekundaerrauchs-von-gebrauchtwaren-e-zigaretten-fuer-die-menschen-in-der-naehe\/#primaryimage\"},\"thumbnailUrl\":\"https:\/\/www.elementvape.de\/wp-content\/uploads\/2025\/01\/34.jpg\",\"datePublished\":\"2025-12-05T09:53:22+00:00\",\"dateModified\":\"2025-12-05T09:54:43+00:00\",\"description\":\"Ist E-Zigaretten-Dampf gef\u00e4hrlich? Analyse der Risiken f\u00fcr Kinder, Schwangere & Haustiere. Fakten zu Nikotin im Aerosol und \\\"Third-Hand-Vapor\\\" im Detail.\",\"breadcrumb\":{\"@id\":\"https:\/\/www.elementvape.de\/ignorieren-sie-es-nicht-laenger-die-potenziellen-gefahren-des-sekundaerrauchs-von-gebrauchtwaren-e-zigaretten-fuer-die-menschen-in-der-naehe\/#breadcrumb\"},\"inLanguage\":\"ro-RO\",\"potentialAction\":[{\"@type\":\"ReadAction\",\"target\":[\"https:\/\/www.elementvape.de\/ignorieren-sie-es-nicht-laenger-die-potenziellen-gefahren-des-sekundaerrauchs-von-gebrauchtwaren-e-zigaretten-fuer-die-menschen-in-der-naehe\/\"]}]},{\"@type\":\"ImageObject\",\"inLanguage\":\"ro-RO\",\"@id\":\"https:\/\/www.elementvape.de\/ignorieren-sie-es-nicht-laenger-die-potenziellen-gefahren-des-sekundaerrauchs-von-gebrauchtwaren-e-zigaretten-fuer-die-menschen-in-der-naehe\/#primaryimage\",\"url\":\"https:\/\/www.elementvape.de\/wp-content\/uploads\/2025\/01\/34.jpg\",\"contentUrl\":\"https:\/\/www.elementvape.de\/wp-content\/uploads\/2025\/01\/34.jpg\",\"width\":960,\"height\":540,\"caption\":\"Ignorieren Sie es nicht l\u00e4nger! Die potenziellen Gefahren des Sekund\u00e4rrauchs von Gebrauchtwaren-E-Zigaretten f\u00fcr die Menschen in der N\u00e4he\"},{\"@type\":\"BreadcrumbList\",\"@id\":\"https:\/\/www.elementvape.de\/ignorieren-sie-es-nicht-laenger-die-potenziellen-gefahren-des-sekundaerrauchs-von-gebrauchtwaren-e-zigaretten-fuer-die-menschen-in-der-naehe\/#breadcrumb\",\"itemListElement\":[{\"@type\":\"ListItem\",\"position\":1,\"name\":\"Home\",\"item\":\"https:\/\/www.elementvape.de\/\"},{\"@type\":\"ListItem\",\"position\":2,\"name\":\"Ignorieren Sie es nicht l\u00e4nger! Die potenziellen Gefahren des Sekund\u00e4rrauchs von Gebrauchtwaren-E-Zigaretten f\u00fcr die Menschen in der N\u00e4he\"}]},{\"@type\":\"WebSite\",\"@id\":\"https:\/\/www.elementvape.de\/#website\",\"url\":\"https:\/\/www.elementvape.de\/\",\"name\":\"ElementVape.de\",\"description\":\"\",\"publisher\":{\"@id\":\"https:\/\/www.elementvape.de\/#organization\"},\"potentialAction\":[{\"@type\":\"SearchAction\",\"target\":{\"@type\":\"EntryPoint\",\"urlTemplate\":\"https:\/\/www.elementvape.de\/?s={search_term_string}\"},\"query-input\":\"required name=search_term_string\"}],\"inLanguage\":\"ro-RO\"},{\"@type\":\"Organization\",\"@id\":\"https:\/\/www.elementvape.de\/#organization\",\"name\":\"ElementVape.DE\",\"url\":\"https:\/\/www.elementvape.de\/\",\"logo\":{\"@type\":\"ImageObject\",\"inLanguage\":\"ro-RO\",\"@id\":\"https:\/\/www.elementvape.de\/#\/schema\/logo\/image\/\",\"url\":\"https:\/\/www.elementvape.de\/wp-content\/uploads\/2024\/09\/cropped-1elementvape-3.png\",\"contentUrl\":\"https:\/\/www.elementvape.de\/wp-content\/uploads\/2024\/09\/cropped-1elementvape-3.png\",\"width\":285,\"height\":228,\"caption\":\"ElementVape.DE\"},\"image\":{\"@id\":\"https:\/\/www.elementvape.de\/#\/schema\/logo\/image\/\"}},{\"@type\":\"Person\",\"@id\":\"https:\/\/www.elementvape.de\/#\/schema\/person\/e68258b1c1ead198a9cb2ca7c8a8c760\",\"name\":\"Danny\",\"image\":{\"@type\":\"ImageObject\",\"inLanguage\":\"ro-RO\",\"@id\":\"https:\/\/www.elementvape.de\/#\/schema\/person\/image\/\",\"url\":\"https:\/\/secure.gravatar.com\/avatar\/de7a55256f65dee56c01863463aa694a?s=96&d=mm&r=g\",\"contentUrl\":\"https:\/\/secure.gravatar.com\/avatar\/de7a55256f65dee56c01863463aa694a?s=96&d=mm&r=g\",\"caption\":\"Danny\"},\"sameAs\":[\"https:\/\/www.elementvape.de\/\"],\"url\":\"https:\/\/www.elementvape.de\/ro\/author\/fanyunfei\/\"}]}<\/script>\n<!-- \/ Yoast SEO plugin. -->","yoast_head_json":{"title":"Passivdampf E-Zigarette: Sch\u00e4dlich f\u00fcr Kinder & Dritte?","description":"Ist E-Zigaretten-Dampf gef\u00e4hrlich? Analyse der Risiken f\u00fcr Kinder, Schwangere & Haustiere. Fakten zu Nikotin im Aerosol und \"Third-Hand-Vapor\" im Detail.","robots":{"index":"index","follow":"follow","max-snippet":"max-snippet:-1","max-image-preview":"max-image-preview:large","max-video-preview":"max-video-preview:-1"},"canonical":"https:\/\/www.elementvape.de\/ro\/ignorieren-sie-es-nicht-laenger-die-potenziellen-gefahren-des-sekundaerrauchs-von-gebrauchtwaren-e-zigaretten-fuer-die-menschen-in-der-naehe\/","og_locale":"ro_RO","og_type":"article","og_title":"Passivdampf E-Zigarette: Sch\u00e4dlich f\u00fcr Kinder & Dritte?","og_description":"Ist E-Zigaretten-Dampf gef\u00e4hrlich? Analyse der Risiken f\u00fcr Kinder, Schwangere & Haustiere. Fakten zu Nikotin im Aerosol und \"Third-Hand-Vapor\" im Detail.","og_url":"https:\/\/www.elementvape.de\/ro\/ignorieren-sie-es-nicht-laenger-die-potenziellen-gefahren-des-sekundaerrauchs-von-gebrauchtwaren-e-zigaretten-fuer-die-menschen-in-der-naehe\/","og_site_name":"ElementVape.de","article_published_time":"2025-12-05T09:53:22+00:00","article_modified_time":"2025-12-05T09:54:43+00:00","og_image":[{"width":960,"height":540,"url":"https:\/\/www.elementvape.de\/wp-content\/uploads\/2025\/01\/34.jpg","type":"image\/jpeg"}],"author":"Danny","twitter_card":"summary_large_image","twitter_misc":{"Written by":"Danny","Est. reading time":"11 minute"},"schema":{"@context":"https:\/\/schema.org","@graph":[{"@type":"Article","@id":"https:\/\/www.elementvape.de\/ignorieren-sie-es-nicht-laenger-die-potenziellen-gefahren-des-sekundaerrauchs-von-gebrauchtwaren-e-zigaretten-fuer-die-menschen-in-der-naehe\/#article","isPartOf":{"@id":"https:\/\/www.elementvape.de\/ignorieren-sie-es-nicht-laenger-die-potenziellen-gefahren-des-sekundaerrauchs-von-gebrauchtwaren-e-zigaretten-fuer-die-menschen-in-der-naehe\/"},"author":{"name":"Danny","@id":"https:\/\/www.elementvape.de\/#\/schema\/person\/e68258b1c1ead198a9cb2ca7c8a8c760"},"headline":"Ignorieren Sie es nicht l\u00e4nger! Die potenziellen Gefahren des Sekund\u00e4rrauchs von Gebrauchtwaren-E-Zigaretten f\u00fcr die Menschen in der N\u00e4he","datePublished":"2025-12-05T09:53:22+00:00","dateModified":"2025-12-05T09:54:43+00:00","mainEntityOfPage":{"@id":"https:\/\/www.elementvape.de\/ignorieren-sie-es-nicht-laenger-die-potenziellen-gefahren-des-sekundaerrauchs-von-gebrauchtwaren-e-zigaretten-fuer-die-menschen-in-der-naehe\/"},"wordCount":2106,"commentCount":0,"publisher":{"@id":"https:\/\/www.elementvape.de\/#organization"},"image":{"@id":"https:\/\/www.elementvape.de\/ignorieren-sie-es-nicht-laenger-die-potenziellen-gefahren-des-sekundaerrauchs-von-gebrauchtwaren-e-zigaretten-fuer-die-menschen-in-der-naehe\/#primaryimage"},"thumbnailUrl":"https:\/\/www.elementvape.de\/wp-content\/uploads\/2025\/01\/34.jpg","keywords":["Gesundheit","Lebensstil"],"articleSection":["ausf\u00fchrlich","Erfahrungen teilen","Internationale Lage"],"inLanguage":"ro-RO","potentialAction":[{"@type":"CommentAction","name":"Comment","target":["https:\/\/www.elementvape.de\/ignorieren-sie-es-nicht-laenger-die-potenziellen-gefahren-des-sekundaerrauchs-von-gebrauchtwaren-e-zigaretten-fuer-die-menschen-in-der-naehe\/#respond"]}]},{"@type":"WebPage","@id":"https:\/\/www.elementvape.de\/ignorieren-sie-es-nicht-laenger-die-potenziellen-gefahren-des-sekundaerrauchs-von-gebrauchtwaren-e-zigaretten-fuer-die-menschen-in-der-naehe\/","url":"https:\/\/www.elementvape.de\/ignorieren-sie-es-nicht-laenger-die-potenziellen-gefahren-des-sekundaerrauchs-von-gebrauchtwaren-e-zigaretten-fuer-die-menschen-in-der-naehe\/","name":"Passivdampf E-Zigarette: Sch\u00e4dlich f\u00fcr Kinder & Dritte?","isPartOf":{"@id":"https:\/\/www.elementvape.de\/#website"},"primaryImageOfPage":{"@id":"https:\/\/www.elementvape.de\/ignorieren-sie-es-nicht-laenger-die-potenziellen-gefahren-des-sekundaerrauchs-von-gebrauchtwaren-e-zigaretten-fuer-die-menschen-in-der-naehe\/#primaryimage"},"image":{"@id":"https:\/\/www.elementvape.de\/ignorieren-sie-es-nicht-laenger-die-potenziellen-gefahren-des-sekundaerrauchs-von-gebrauchtwaren-e-zigaretten-fuer-die-menschen-in-der-naehe\/#primaryimage"},"thumbnailUrl":"https:\/\/www.elementvape.de\/wp-content\/uploads\/2025\/01\/34.jpg","datePublished":"2025-12-05T09:53:22+00:00","dateModified":"2025-12-05T09:54:43+00:00","description":"Ist E-Zigaretten-Dampf gef\u00e4hrlich? Analyse der Risiken f\u00fcr Kinder, Schwangere & Haustiere. Fakten zu Nikotin im Aerosol und \"Third-Hand-Vapor\" im Detail.","breadcrumb":{"@id":"https:\/\/www.elementvape.de\/ignorieren-sie-es-nicht-laenger-die-potenziellen-gefahren-des-sekundaerrauchs-von-gebrauchtwaren-e-zigaretten-fuer-die-menschen-in-der-naehe\/#breadcrumb"},"inLanguage":"ro-RO","potentialAction":[{"@type":"ReadAction","target":["https:\/\/www.elementvape.de\/ignorieren-sie-es-nicht-laenger-die-potenziellen-gefahren-des-sekundaerrauchs-von-gebrauchtwaren-e-zigaretten-fuer-die-menschen-in-der-naehe\/"]}]},{"@type":"ImageObject","inLanguage":"ro-RO","@id":"https:\/\/www.elementvape.de\/ignorieren-sie-es-nicht-laenger-die-potenziellen-gefahren-des-sekundaerrauchs-von-gebrauchtwaren-e-zigaretten-fuer-die-menschen-in-der-naehe\/#primaryimage","url":"https:\/\/www.elementvape.de\/wp-content\/uploads\/2025\/01\/34.jpg","contentUrl":"https:\/\/www.elementvape.de\/wp-content\/uploads\/2025\/01\/34.jpg","width":960,"height":540,"caption":"Ignorieren Sie es nicht l\u00e4nger! Die potenziellen Gefahren des Sekund\u00e4rrauchs von Gebrauchtwaren-E-Zigaretten f\u00fcr die Menschen in der N\u00e4he"},{"@type":"BreadcrumbList","@id":"https:\/\/www.elementvape.de\/ignorieren-sie-es-nicht-laenger-die-potenziellen-gefahren-des-sekundaerrauchs-von-gebrauchtwaren-e-zigaretten-fuer-die-menschen-in-der-naehe\/#breadcrumb","itemListElement":[{"@type":"ListItem","position":1,"name":"Home","item":"https:\/\/www.elementvape.de\/"},{"@type":"ListItem","position":2,"name":"Ignorieren Sie es nicht l\u00e4nger! Die potenziellen Gefahren des Sekund\u00e4rrauchs von Gebrauchtwaren-E-Zigaretten f\u00fcr die Menschen in der N\u00e4he"}]},{"@type":"WebSite","@id":"https:\/\/www.elementvape.de\/#website","url":"https:\/\/www.elementvape.de\/","name":"ElementVape.de","description":"","publisher":{"@id":"https:\/\/www.elementvape.de\/#organization"},"potentialAction":[{"@type":"SearchAction","target":{"@type":"EntryPoint","urlTemplate":"https:\/\/www.elementvape.de\/?s={search_term_string}"},"query-input":"required name=search_term_string"}],"inLanguage":"ro-RO"},{"@type":"Organization","@id":"https:\/\/www.elementvape.de\/#organization","name":"ElementVape.DE","url":"https:\/\/www.elementvape.de\/","logo":{"@type":"ImageObject","inLanguage":"ro-RO","@id":"https:\/\/www.elementvape.de\/#\/schema\/logo\/image\/","url":"https:\/\/www.elementvape.de\/wp-content\/uploads\/2024\/09\/cropped-1elementvape-3.png","contentUrl":"https:\/\/www.elementvape.de\/wp-content\/uploads\/2024\/09\/cropped-1elementvape-3.png","width":285,"height":228,"caption":"ElementVape.DE"},"image":{"@id":"https:\/\/www.elementvape.de\/#\/schema\/logo\/image\/"}},{"@type":"Person","@id":"https:\/\/www.elementvape.de\/#\/schema\/person\/e68258b1c1ead198a9cb2ca7c8a8c760","name":"Danny","image":{"@type":"ImageObject","inLanguage":"ro-RO","@id":"https:\/\/www.elementvape.de\/#\/schema\/person\/image\/","url":"https:\/\/secure.gravatar.com\/avatar\/de7a55256f65dee56c01863463aa694a?s=96&d=mm&r=g","contentUrl":"https:\/\/secure.gravatar.com\/avatar\/de7a55256f65dee56c01863463aa694a?s=96&d=mm&r=g","caption":"Danny"},"sameAs":["https:\/\/www.elementvape.de\/"],"url":"https:\/\/www.elementvape.de\/ro\/author\/fanyunfei\/"}]}},"_links":{"self":[{"href":"https:\/\/www.elementvape.de\/ro\/wp-json\/wp\/v2\/posts\/15569"}],"collection":[{"href":"https:\/\/www.elementvape.de\/ro\/wp-json\/wp\/v2\/posts"}],"about":[{"href":"https:\/\/www.elementvape.de\/ro\/wp-json\/wp\/v2\/types\/post"}],"author":[{"embeddable":true,"href":"https:\/\/www.elementvape.de\/ro\/wp-json\/wp\/v2\/users\/3"}],"replies":[{"embeddable":true,"href":"https:\/\/www.elementvape.de\/ro\/wp-json\/wp\/v2\/comments?post=15569"}],"version-history":[{"count":3,"href":"https:\/\/www.elementvape.de\/ro\/wp-json\/wp\/v2\/posts\/15569\/revisions"}],"predecessor-version":[{"id":16660,"href":"https:\/\/www.elementvape.de\/ro\/wp-json\/wp\/v2\/posts\/15569\/revisions\/16660"}],"wp:featuredmedia":[{"embeddable":true,"href":"https:\/\/www.elementvape.de\/ro\/wp-json\/wp\/v2\/media\/15570"}],"wp:attachment":[{"href":"https:\/\/www.elementvape.de\/ro\/wp-json\/wp\/v2\/media?parent=15569"}],"wp:term":[{"taxonomy":"category","embeddable":true,"href":"https:\/\/www.elementvape.de\/ro\/wp-json\/wp\/v2\/categories?post=15569"},{"taxonomy":"post_tag","embeddable":true,"href":"https:\/\/www.elementvape.de\/ro\/wp-json\/wp\/v2\/tags?post=15569"}],"curies":[{"name":"wp","href":"https:\/\/api.w.org\/{rel}","templated":true}]}}